{"id":19603,"date":"2007-10-26T16:29:01","date_gmt":"2007-10-26T16:29:01","guid":{"rendered":"https:\/\/obscom.intervozes.org.br\/wordpress\/?p=19603"},"modified":"2007-10-26T16:29:01","modified_gmt":"2007-10-26T16:29:01","slug":"nomeacao-de-simone-scholze-imprime-perfil-mais-tecnico-e-tucano-a-anatel","status":"publish","type":"post","link":"https:\/\/obscom.intervozes.org.br\/?p=19603","title":{"rendered":"Nomea\u00e7\u00e3o de Simone Scholze imprime perfil mais t\u00e9cnico e &#8216;tucano&#8217; \u00e0 Anatel"},"content":{"rendered":"<p>Passada a fase sindical, representada pela indica&ccedil;&atilde;o dos conselheiros Pedro Jaime Ziller de Ara&uacute;jo, Pl&iacute;nio de Aguiar J&uacute;nior e o ouvidor Arist&oacute;teles dos Santos, as novas nomea&ccedil;&otilde;es na Anatel imprimem e restabelece o perfil mais t&eacute;cnico &ndash; e tucano &ndash; &agrave; equipe do presidente Ronaldo Sardenberg. &Eacute; o que acontece com a advogada Simone Henriqueta Cossetin Scholze, nomeada hoje pelo embaixador para a superintend&ecirc;ncia executiva da ag&ecirc;ncia, no lugar de Nilberto Diniz Miranda, ligado a Ziller e ao movimento sindical. Diniz deixa o cargo para assessorar o ouvidor Santos, o que mant&eacute;m ativo o n&uacute;cleo sindical que ganhou for&ccedil;a pelas m&atilde;os de Jos&eacute; Zunga, expoente da Fittel e da CUT, com grande influ&ecirc;ncia nos prim&oacute;rdios do governo Lula.<\/p>\n<p>A nova executiva da Ag&ecirc;ncia tem especializa&ccedil;&atilde;o em bio-&eacute;tica e foi agraciada, em agosto de 2002, &uacute;ltimo ano do governo Fernando Henrique Cardoso, com a Ordem Nacional de M&eacute;rito Cient&iacute;fico, no grau de comendador. Formou-se no Rio Grande do Sul, fez mestrado na Universidade de Bras&iacute;lia (UnB) e representou o Minist&eacute;rio de Ci&ecirc;ncia e Tecnologia no Grupo Interministerial de Propriedade Intelectual, que elaborou o projeto da respectiva lei. Sardenberg j&aacute; havia nomeado um &uacute;nico colaborador, Rodrigo Augusto Barbosa, para a chefia de gabinete, preferindo apoiar e aprimorar os quadros oriundos de processo de sele&ccedil;&atilde;o por concurso p&uacute;blico. O fato de Sardenberg estar a apenas seis meses do final do seu mandato de um ano como presidente da Ag&ecirc;ncia &ndash; ele entrou na Anatel em maio &ndash;, traz, segundo observadores, uma &lsquo;sinaliza&ccedil;&atilde;o positiva&rsquo; de que deve ganhar mais tempo no cargo e refor&ccedil;ar a id&eacute;ia de despolitiza&ccedil;&atilde;o, reclamada pelo mercado.<\/p>\n<p>Temia-se que a nomea&ccedil;&atilde;o do embaixador pudesse repetir a ef&ecirc;mera passagem dos tr&ecirc;s &uacute;ltimos presidentes, dois dos quais permanecem conselheiros. O coronel e ex-presidente Elifas Gurgel do Amaral virou consultor. O restabelecimento da imagem mais t&eacute;cnica &ndash; e tucana &ndash; avan&ccedil;ou com a nomea&ccedil;&atilde;o, tamb&eacute;m em meados do ano, do conselheiro Ant&ocirc;nio Bedran, ex-colaborador do falecido ministro S&eacute;rgio Motta e procurador-geral da Anatel desde sua cria&ccedil;&atilde;o.<\/p>\n<p>Em audi&ecirc;ncia no Senado, semana passada, o senador Crist&oacute;v&atilde;o Buarque, observou que o enfraquecimento da imagem p&uacute;blica da ag&ecirc;ncia est&aacute; atrelada a nomea&ccedil;&otilde;es com perfil pol&iacute;tico. &ldquo;Tenho a impress&atilde;o que no governo anterior o perfil (dos indicados) era mais t&eacute;cnico&rdquo;, disse. A observa&ccedil;&atilde;o de Buarque ilustrou a insatisfa&ccedil;&atilde;o geral manifestada por senadores numa audi&ecirc;ncia p&uacute;blica que debatia projeto de lei sobre conte&uacute;do.<\/p>\n","protected":false},"excerpt":{"rendered":"<p>Passada a fase sindical, representada pela indica&ccedil;&atilde;o dos conselheiros Pedro Jaime Ziller de Ara&uacute;jo, Pl&iacute;nio de Aguiar J&uacute;nior e o ouvidor Arist&oacute;teles dos Santos, as novas nomea&ccedil;&otilde;es na Anatel imprimem e restabelece o perfil mais t&eacute;cnico &ndash; e tucano &ndash; &agrave; equipe do presidente Ronaldo Sardenberg. &Eacute; o que acontece com a advogada Simone Henriqueta &hellip; <a href=\"https:\/\/obscom.intervozes.org.br\/?p=19603\" class=\"more-link\">Continue lendo <span class=\"screen-reader-text\">Nomea\u00e7\u00e3o de Simone Scholze imprime perfil mais t\u00e9cnico e &#8216;tucano&#8217; \u00e0 Anatel<\/span> <span class=\"meta-nav\">&rarr;<\/span><\/a><\/p>\n","protected":false},"author":1,"featured_media":0,"comment_status":"open","ping_status":"open","sticky":false,"template":"","format":"standard","meta":{"footnotes":""},"categories":[40],"tags":[99],"_links":{"self":[{"href":"https:\/\/obscom.intervozes.org.br\/index.php?rest_route=\/wp\/v2\/posts\/19603"}],"collection":[{"href":"https:\/\/obscom.intervozes.org.br\/index.php?rest_route=\/wp\/v2\/posts"}],"about":[{"href":"https:\/\/obscom.intervozes.org.br\/index.php?rest_route=\/wp\/v2\/types\/post"}],"author":[{"embeddable":true,"href":"https:\/\/obscom.intervozes.org.br\/index.php?rest_route=\/wp\/v2\/users\/1"}],"replies":[{"embeddable":true,"href":"https:\/\/obscom.intervozes.org.br\/index.php?rest_route=%2Fwp%2Fv2%2Fcomments&post=19603"}],"version-history":[{"count":0,"href":"https:\/\/obscom.intervozes.org.br\/index.php?rest_route=\/wp\/v2\/posts\/19603\/revisions"}],"wp:attachment":[{"href":"https:\/\/obscom.intervozes.org.br\/index.php?rest_route=%2Fwp%2Fv2%2Fmedia&parent=19603"}],"wp:term":[{"taxonomy":"category","embeddable":true,"href":"https:\/\/obscom.intervozes.org.br\/index.php?rest_route=%2Fwp%2Fv2%2Fcategories&post=19603"},{"taxonomy":"post_tag","embeddable":true,"href":"https:\/\/obscom.intervozes.org.br\/index.php?rest_route=%2Fwp%2Fv2%2Ftags&post=19603"}],"curies":[{"name":"wp","href":"https:\/\/api.w.org\/{rel}","templated":true}]}}