{"id":19600,"date":"2007-10-26T16:21:10","date_gmt":"2007-10-26T16:21:10","guid":{"rendered":"https:\/\/obscom.intervozes.org.br\/wordpress\/?p=19600"},"modified":"2007-10-26T16:21:10","modified_gmt":"2007-10-26T16:21:10","slug":"oficina-para-inclusao-digital-ja-esta-com-inscricoes-abertas","status":"publish","type":"post","link":"https:\/\/obscom.intervozes.org.br\/?p=19600","title":{"rendered":"Oficina para inclus\u00e3o digital j\u00e1 est\u00e1 com inscri\u00e7\u00f5es abertas"},"content":{"rendered":"<p>Est&atilde;o abertas as inscri&ccedil;&otilde;es para a 6&ordf; Oficina para Inclus&atilde;o Digital, que ocorre em Salvador de 26 a 29 de novembro. A proposta da oficina &eacute; aproximar capacitadores e t&eacute;cnicos envolvidos&nbsp;em a&ccedil;&otilde;es de inclus&atilde;o digital. No encontro, ser&atilde;o abordados temas como&nbsp;infra-estrutura, cidades digitais, a&ccedil;&otilde;es de inclus&atilde;o digital nas escolas e pol&iacute;ticas p&uacute;blicas na &aacute;rea. <\/p>\n<p>As inscri&ccedil;&otilde;es s&atilde;o&nbsp;gratuitas e podem ser feitas pelo <em><a href=\"http:\/\/www.inclusaodigital.gov.br\/oficina\" target=\"_self\"><u><font color=\"#436976\">site<\/font><\/u><\/a><\/em> da oficina. <\/p>\n<p>As informa&ccedil;&otilde;es s&atilde;o da Ag&ecirc;ncia Brasil.<\/p>\n","protected":false},"excerpt":{"rendered":"<p>Est&atilde;o abertas as inscri&ccedil;&otilde;es para a 6&ordf; Oficina para Inclus&atilde;o Digital, que ocorre em Salvador de 26 a 29 de novembro. A proposta da oficina &eacute; aproximar capacitadores e t&eacute;cnicos envolvidos&nbsp;em a&ccedil;&otilde;es de inclus&atilde;o digital. No encontro, ser&atilde;o abordados temas como&nbsp;infra-estrutura, cidades digitais, a&ccedil;&otilde;es de inclus&atilde;o digital nas escolas e pol&iacute;ticas p&uacute;blicas na &aacute;rea. As &hellip; <a href=\"https:\/\/obscom.intervozes.org.br\/?p=19600\" class=\"more-link\">Continue lendo <span class=\"screen-reader-text\">Oficina para inclus\u00e3o digital j\u00e1 est\u00e1 com inscri\u00e7\u00f5es abertas<\/span> <span class=\"meta-nav\">&rarr;<\/span><\/a><\/p>\n","protected":false},"author":1,"featured_media":0,"comment_status":"open","ping_status":"open","sticky":false,"template":"","format":"standard","meta":{"footnotes":""},"categories":[39],"tags":[],"_links":{"self":[{"href":"https:\/\/obscom.intervozes.org.br\/index.php?rest_route=\/wp\/v2\/posts\/19600"}],"collection":[{"href":"https:\/\/obscom.intervozes.org.br\/index.php?rest_route=\/wp\/v2\/posts"}],"about":[{"href":"https:\/\/obscom.intervozes.org.br\/index.php?rest_route=\/wp\/v2\/types\/post"}],"author":[{"embeddable":true,"href":"https:\/\/obscom.intervozes.org.br\/index.php?rest_route=\/wp\/v2\/users\/1"}],"replies":[{"embeddable":true,"href":"https:\/\/obscom.intervozes.org.br\/index.php?rest_route=%2Fwp%2Fv2%2Fcomments&post=19600"}],"version-history":[{"count":0,"href":"https:\/\/obscom.intervozes.org.br\/index.php?rest_route=\/wp\/v2\/posts\/19600\/revisions"}],"wp:attachment":[{"href":"https:\/\/obscom.intervozes.org.br\/index.php?rest_route=%2Fwp%2Fv2%2Fmedia&parent=19600"}],"wp:term":[{"taxonomy":"category","embeddable":true,"href":"https:\/\/obscom.intervozes.org.br\/index.php?rest_route=%2Fwp%2Fv2%2Fcategories&post=19600"},{"taxonomy":"post_tag","embeddable":true,"href":"https:\/\/obscom.intervozes.org.br\/index.php?rest_route=%2Fwp%2Fv2%2Ftags&post=19600"}],"curies":[{"name":"wp","href":"https:\/\/api.w.org\/{rel}","templated":true}]}}