{"id":19597,"date":"2007-10-26T16:11:03","date_gmt":"2007-10-26T16:11:03","guid":{"rendered":"https:\/\/obscom.intervozes.org.br\/wordpress\/?p=19597"},"modified":"2007-10-26T16:11:03","modified_gmt":"2007-10-26T16:11:03","slug":"plano-nacional-de-ciencia-e-tecnologia-sera-lancado-em-novembro-com-r-41-bilhoes","status":"publish","type":"post","link":"https:\/\/obscom.intervozes.org.br\/?p=19597","title":{"rendered":"Plano Nacional de Ci\u00eancia e Tecnologia ser\u00e1 lan\u00e7ado em novembro com R$ 41 bilh\u00f5es"},"content":{"rendered":"<p>Bras&iacute;lia &#8211; O presidente Luiz In&aacute;cio Lula da Silva deve lan&ccedil;ar em novembro o Plano Nacional de Ci&ecirc;ncia e Tecnologia. A informa&ccedil;&atilde;o &eacute; do ministro de Ci&ecirc;ncia e Tecnologia, S&eacute;rgio Rezende. Segundo ele, o plano prev&ecirc; recursos de R$ 41 bilh&otilde;es para a&ccedil;&otilde;es at&eacute; 2010.<\/p>\n<p>&quot;O plano dever&aacute; ser anunciado pelo presidente Lula provavelmente na segunda ou terceira semana de novembro&quot;,&nbsp; afirmou Rezende, em entrevista&nbsp;concedida nesta quinta-feira&nbsp;(25) a emissoras de r&aacute;dio parceiras da Radiobr&aacute;s.<\/p>\n<p>&quot;&Eacute; um plano de quatro anos, de 2007 a 2010. As a&ccedil;&otilde;es de 2007 j&aacute; estavam planejadas, ent&atilde;o j&aacute; est&atilde;o em execu&ccedil;&atilde;o. O plano totaliza em recursos do governo federal R$ 41 bilh&otilde;es em todos os setores que t&ecirc;m ci&ecirc;ncia e tecnologia&quot;, disse.<\/p>\n<p>&quot;Nunca tivemos antes um plano feito para quatro anos, muito menos recursos dessa monta de R$ 41 bilh&otilde;es&quot;, completou. De acordo com o ministro, o plano tem quatro prioridades b&aacute;sicas: expans&atilde;o e consolida&ccedil;&atilde;o do Sistema Nacional de Ci&ecirc;ncia e Tecnologia; promo&ccedil;&atilde;o da inova&ccedil;&atilde;o tecnol&oacute;gica nas empresas; pesquisa e desenvolvimento em &aacute;reas estrat&eacute;gicas; e ci&ecirc;ncia e tecnologia para o desenvolvimento social.<\/p>\n<p>Segundo Rezende, a maior parte dos recursos do plano &eacute; do Minist&eacute;rio de Ci&ecirc;ncia e Tecnologia. Mas h&aacute; verbas tamb&eacute;m do Minist&eacute;rio de Minas e Energia, por meio da Petrobras e da Eletrobr&aacute;s; de entidades de pesquisa ligadas ao Minist&eacute;rio da Defesa; do Minist&eacute;rio da Educa&ccedil;&atilde;o, por meio da Coordena&ccedil;&atilde;o de Aperfei&ccedil;oamento de Pessoal de N&iacute;vel Superior (Capes); e da Empresa Brasileira de Pesquisa Agropecu&aacute;ria (Embrapa), ligada ao Minist&eacute;rio da Agricultura.<\/p>\n<p>Em entrevista &agrave; Radiobr&aacute;s, Rezende ressaltou que um dos grandes desafios para o pa&iacute;s &eacute; fazer com que as empresas brasileiras tenham atividades de pesquisa. &quot;H&aacute; muitas iniciativas [no plano] que v&atilde;o na dire&ccedil;&atilde;o de incentivar, estimular as empresas a fazer pesquisa, desenvolvimento e inova&ccedil;&atilde;o para elas ficarem mais competitivas&quot;, disse.<\/p>\n<p>O ministro afirmou que &eacute; preciso incentivar tamb&eacute;m pesquisas em &aacute;reas estrat&eacute;gicas, como biocombust&iacute;veis. &quot;O Brasil &eacute; hoje um grande produtor de etanol e fazemos &aacute;lcool com m&eacute;todos tradicionais, com cana-de-a&ccedil;&uacute;car. &Eacute; uma forma boa de fazer, o Brasil &eacute; o pa&iacute;s que produz etanol da maneira mais eficiente do mundo. Mas n&oacute;s sabemos que a demanda por etanol vai crescer muito e precisamos fazer pesquisas para fazer, por exemplo, cana com maior conte&uacute;do de a&ccedil;&uacute;car, para dar uma produtividade maior&quot;.<\/p>\n<p>Rezende destacou ainda que o sistema de ci&ecirc;ncia e tecnologia no pa&iacute;s &eacute; recente &#8211; come&ccedil;ou a ser desenvolvido na d&eacute;cada de 60 &#8211; e &eacute; preciso divulg&aacute;-lo entre os brasileiros. &quot;H&aacute; um desconhecimento geral na sociedade sobre o que acontece na ci&ecirc;ncia de maneira geral. E mais especificamente o que acontece na ci&ecirc;ncia brasileira&quot;, ressaltou.&nbsp;&nbsp; <\/p>\n","protected":false},"excerpt":{"rendered":"<p>Bras&iacute;lia &#8211; O presidente Luiz In&aacute;cio Lula da Silva deve lan&ccedil;ar em novembro o Plano Nacional de Ci&ecirc;ncia e Tecnologia. A informa&ccedil;&atilde;o &eacute; do ministro de Ci&ecirc;ncia e Tecnologia, S&eacute;rgio Rezende. Segundo ele, o plano prev&ecirc; recursos de R$ 41 bilh&otilde;es para a&ccedil;&otilde;es at&eacute; 2010. &quot;O plano dever&aacute; ser anunciado pelo presidente Lula provavelmente na &hellip; <a href=\"https:\/\/obscom.intervozes.org.br\/?p=19597\" class=\"more-link\">Continue lendo <span class=\"screen-reader-text\">Plano Nacional de Ci\u00eancia e Tecnologia ser\u00e1 lan\u00e7ado em novembro com R$ 41 bilh\u00f5es<\/span> <span class=\"meta-nav\">&rarr;<\/span><\/a><\/p>\n","protected":false},"author":1,"featured_media":0,"comment_status":"open","ping_status":"open","sticky":false,"template":"","format":"standard","meta":{"footnotes":""},"categories":[40],"tags":[60],"_links":{"self":[{"href":"https:\/\/obscom.intervozes.org.br\/index.php?rest_route=\/wp\/v2\/posts\/19597"}],"collection":[{"href":"https:\/\/obscom.intervozes.org.br\/index.php?rest_route=\/wp\/v2\/posts"}],"about":[{"href":"https:\/\/obscom.intervozes.org.br\/index.php?rest_route=\/wp\/v2\/types\/post"}],"author":[{"embeddable":true,"href":"https:\/\/obscom.intervozes.org.br\/index.php?rest_route=\/wp\/v2\/users\/1"}],"replies":[{"embeddable":true,"href":"https:\/\/obscom.intervozes.org.br\/index.php?rest_route=%2Fwp%2Fv2%2Fcomments&post=19597"}],"version-history":[{"count":0,"href":"https:\/\/obscom.intervozes.org.br\/index.php?rest_route=\/wp\/v2\/posts\/19597\/revisions"}],"wp:attachment":[{"href":"https:\/\/obscom.intervozes.org.br\/index.php?rest_route=%2Fwp%2Fv2%2Fmedia&parent=19597"}],"wp:term":[{"taxonomy":"category","embeddable":true,"href":"https:\/\/obscom.intervozes.org.br\/index.php?rest_route=%2Fwp%2Fv2%2Fcategories&post=19597"},{"taxonomy":"post_tag","embeddable":true,"href":"https:\/\/obscom.intervozes.org.br\/index.php?rest_route=%2Fwp%2Fv2%2Ftags&post=19597"}],"curies":[{"name":"wp","href":"https:\/\/api.w.org\/{rel}","templated":true}]}}