{"id":19593,"date":"2007-10-26T15:59:22","date_gmt":"2007-10-26T15:59:22","guid":{"rendered":"https:\/\/obscom.intervozes.org.br\/wordpress\/?p=19593"},"modified":"2007-10-26T15:59:22","modified_gmt":"2007-10-26T15:59:22","slug":"coca-cola-e-avon-sao-notificadas-por-promocao-abusiva","status":"publish","type":"post","link":"https:\/\/obscom.intervozes.org.br\/?p=19593","title":{"rendered":"Coca-Cola e Avon s\u00e3o notificadas por promo\u00e7\u00e3o abusiva"},"content":{"rendered":"<div>O comercial da promo&ccedil;&atilde;o Colecione Elogios apresenta um di&aacute;logo entre duas meninas elogiando a beleza da m&atilde;e. Uma delas, deitada na cama, est&aacute; com um copo de Coca-Cola nas m&atilde;os; a outra, em frente ao espelho, maquia-se com um batom da marca Avon. A campanha comete, inicialmente, tr&ecirc;s abusos: o de associar o consumo de alimento ou bebida &agrave; aquisi&ccedil;&atilde;o de brindes; o de enaltecer qualidades sup&eacute;rfluas, tal como a beleza f&iacute;sica; e o de incentivar a erotiza&ccedil;&atilde;o precoce ao exibir uma crian&ccedil;a usando cosm&eacute;ticos. Do fim de agosto ao in&iacute;cio de dezembro, consumidores que juntarem seis tampas dos refrigerantes Coca-Cola e pagarem o valor de R$ 7,50 ganham um kit com produtos da Avon e um copo exclusivo.<\/p>\n<\/div>\n<div>O Projeto Crian&ccedil;a e Consumo encaminhou notifica&ccedil;&atilde;o &agrave;s duas empresas em que pede a suspens&atilde;o da campanha por entender que os anunciantes, entre outras coisas, dirigem-se ao p&uacute;blico infantil ao colocar duas atrizes mirins para protagonizar o filme publicit&aacute;rio. Segundo dados da Marplan 2005, 99% das crian&ccedil;as de oito a 12 anos consomem refrigerantes. Pensando nisso, n&atilde;o &eacute; surpreendente que um dos p&uacute;blicos da Coca-Cola seja esse. No entanto, o consumo de refrigerantes n&atilde;o &eacute; recomend&aacute;vel, principalmente por crian&ccedil;as, por causa do alto teor de a&ccedil;&uacute;car.<\/p>\n<p>A estrat&eacute;gia de marketing das empresas tamb&eacute;m pode ser considerada ilegal porque caracteriza venda casada, j&aacute; que os consumidores s&oacute; podem adquirir o kit por meio da promo&ccedil;&atilde;o. Essa pr&aacute;tica &eacute; proibida pelo C&oacute;digo de Defesa do Consumidor<\/p><\/div>\n","protected":false},"excerpt":{"rendered":"<p>O comercial da promo&ccedil;&atilde;o Colecione Elogios apresenta um di&aacute;logo entre duas meninas elogiando a beleza da m&atilde;e. Uma delas, deitada na cama, est&aacute; com um copo de Coca-Cola nas m&atilde;os; a outra, em frente ao espelho, maquia-se com um batom da marca Avon. A campanha comete, inicialmente, tr&ecirc;s abusos: o de associar o consumo de &hellip; <a href=\"https:\/\/obscom.intervozes.org.br\/?p=19593\" class=\"more-link\">Continue lendo <span class=\"screen-reader-text\">Coca-Cola e Avon s\u00e3o notificadas por promo\u00e7\u00e3o abusiva<\/span> <span class=\"meta-nav\">&rarr;<\/span><\/a><\/p>\n","protected":false},"author":1,"featured_media":0,"comment_status":"open","ping_status":"open","sticky":false,"template":"","format":"standard","meta":{"footnotes":""},"categories":[40],"tags":[503],"_links":{"self":[{"href":"https:\/\/obscom.intervozes.org.br\/index.php?rest_route=\/wp\/v2\/posts\/19593"}],"collection":[{"href":"https:\/\/obscom.intervozes.org.br\/index.php?rest_route=\/wp\/v2\/posts"}],"about":[{"href":"https:\/\/obscom.intervozes.org.br\/index.php?rest_route=\/wp\/v2\/types\/post"}],"author":[{"embeddable":true,"href":"https:\/\/obscom.intervozes.org.br\/index.php?rest_route=\/wp\/v2\/users\/1"}],"replies":[{"embeddable":true,"href":"https:\/\/obscom.intervozes.org.br\/index.php?rest_route=%2Fwp%2Fv2%2Fcomments&post=19593"}],"version-history":[{"count":0,"href":"https:\/\/obscom.intervozes.org.br\/index.php?rest_route=\/wp\/v2\/posts\/19593\/revisions"}],"wp:attachment":[{"href":"https:\/\/obscom.intervozes.org.br\/index.php?rest_route=%2Fwp%2Fv2%2Fmedia&parent=19593"}],"wp:term":[{"taxonomy":"category","embeddable":true,"href":"https:\/\/obscom.intervozes.org.br\/index.php?rest_route=%2Fwp%2Fv2%2Fcategories&post=19593"},{"taxonomy":"post_tag","embeddable":true,"href":"https:\/\/obscom.intervozes.org.br\/index.php?rest_route=%2Fwp%2Fv2%2Ftags&post=19593"}],"curies":[{"name":"wp","href":"https:\/\/api.w.org\/{rel}","templated":true}]}}