{"id":19592,"date":"2007-10-26T15:55:54","date_gmt":"2007-10-26T15:55:54","guid":{"rendered":"https:\/\/obscom.intervozes.org.br\/wordpress\/?p=19592"},"modified":"2007-10-26T15:55:54","modified_gmt":"2007-10-26T15:55:54","slug":"ministerio-da-justica-deve-reclassificar-programa-evangelico","status":"publish","type":"post","link":"https:\/\/obscom.intervozes.org.br\/?p=19592","title":{"rendered":"Minist\u00e9rio da Justi\u00e7a deve reclassificar programa evang\u00e9lico"},"content":{"rendered":"<p>O Minist&eacute;rio da Justi&ccedil;a abriu um processo que pode resultar na primeira reclassifica&ccedil;&atilde;o de um programa evang&eacute;lico, que passaria a ser impr&oacute;prio para antes das 20h. Para o governo, o &#39;Vit&oacute;ria em Cristo&#39;, apresentado pelo pastor Silas Malafaia, da Assembl&eacute;ia de Deus, cont&eacute;m &#39;linguagem depreciativa econte&uacute;dos verbais que exp&otilde;em l&eacute;sbicas, gays, bissexuais e transg&ecirc;neros a situa&ccedil;&otilde;es humilhantes ou degradantes&#39;. <\/p>\n<p>Exibido pela Band, Rede TV! e CNT entre 12h e 17h, o &#39;Vit&oacute;ria em Cristo&#39; est&aacute; fazendo campanha para que evang&eacute;licos enviem e-mails a senadores contra a aprova&ccedil;&atilde;o de &#39;lei que beneficia a homossexualidade&#39; &#8211; na verdade, projeto que torna crime a discrimina&ccedil;&atilde;o sexual e de orienta&ccedil;&atilde;o sexual.<\/p>\n<p>No programa, Malafaia (que compra hor&aacute;rios nas TVs) defende que &#39;ningu&eacute;m nasce homossexual&#39;, porque &#39;n&atilde;o existe cromossomo homossexual&#39;. Diz que o homossexualismo &eacute; &#39;distor&ccedil;&atilde;o&#39; e &#39;aberra&ccedil;&atilde;o&#39;. <\/p>\n<p>Malafaia argumenta que n&atilde;o ofende os gays, que apenas os critica. Impedir isso, diz, seria censura. &#39;No Brasil, voc&ecirc; critica Deus, o Diabo, a Igreja Cat&oacute;lica, os evang&eacute;licos, os pol&iacute;ticos. Mas os homossexuais s&atilde;o incritic&aacute;veis. Se criticar, &eacute; chamado de homof&oacute;bico. Isso &eacute; pior do que Hugo Ch&aacute;vez e Fidel Castro. J&aacute; falei para o ministro Tarso Genro que, se censurarem meu programa, esse governo ser&aacute; chamado de preconceituoso&#39;, afirma o pastor.<\/p>\n","protected":false},"excerpt":{"rendered":"<p>O Minist&eacute;rio da Justi&ccedil;a abriu um processo que pode resultar na primeira reclassifica&ccedil;&atilde;o de um programa evang&eacute;lico, que passaria a ser impr&oacute;prio para antes das 20h. Para o governo, o &#39;Vit&oacute;ria em Cristo&#39;, apresentado pelo pastor Silas Malafaia, da Assembl&eacute;ia de Deus, cont&eacute;m &#39;linguagem depreciativa econte&uacute;dos verbais que exp&otilde;em l&eacute;sbicas, gays, bissexuais e transg&ecirc;neros a &hellip; <a href=\"https:\/\/obscom.intervozes.org.br\/?p=19592\" class=\"more-link\">Continue lendo <span class=\"screen-reader-text\">Minist\u00e9rio da Justi\u00e7a deve reclassificar programa evang\u00e9lico<\/span> <span class=\"meta-nav\">&rarr;<\/span><\/a><\/p>\n","protected":false},"author":1,"featured_media":0,"comment_status":"open","ping_status":"open","sticky":false,"template":"","format":"standard","meta":{"footnotes":""},"categories":[40],"tags":[111],"_links":{"self":[{"href":"https:\/\/obscom.intervozes.org.br\/index.php?rest_route=\/wp\/v2\/posts\/19592"}],"collection":[{"href":"https:\/\/obscom.intervozes.org.br\/index.php?rest_route=\/wp\/v2\/posts"}],"about":[{"href":"https:\/\/obscom.intervozes.org.br\/index.php?rest_route=\/wp\/v2\/types\/post"}],"author":[{"embeddable":true,"href":"https:\/\/obscom.intervozes.org.br\/index.php?rest_route=\/wp\/v2\/users\/1"}],"replies":[{"embeddable":true,"href":"https:\/\/obscom.intervozes.org.br\/index.php?rest_route=%2Fwp%2Fv2%2Fcomments&post=19592"}],"version-history":[{"count":0,"href":"https:\/\/obscom.intervozes.org.br\/index.php?rest_route=\/wp\/v2\/posts\/19592\/revisions"}],"wp:attachment":[{"href":"https:\/\/obscom.intervozes.org.br\/index.php?rest_route=%2Fwp%2Fv2%2Fmedia&parent=19592"}],"wp:term":[{"taxonomy":"category","embeddable":true,"href":"https:\/\/obscom.intervozes.org.br\/index.php?rest_route=%2Fwp%2Fv2%2Fcategories&post=19592"},{"taxonomy":"post_tag","embeddable":true,"href":"https:\/\/obscom.intervozes.org.br\/index.php?rest_route=%2Fwp%2Fv2%2Ftags&post=19592"}],"curies":[{"name":"wp","href":"https:\/\/api.w.org\/{rel}","templated":true}]}}