{"id":19588,"date":"2007-10-25T19:06:32","date_gmt":"2007-10-25T19:06:32","guid":{"rendered":"https:\/\/obscom.intervozes.org.br\/wordpress\/?p=19588"},"modified":"2014-09-07T02:54:27","modified_gmt":"2014-09-07T02:54:27","slug":"comecam-as-eleicoes-para-as-quatro-vagas-da-sociedade-civil","status":"publish","type":"post","link":"https:\/\/obscom.intervozes.org.br\/?p=19588","title":{"rendered":"Come\u00e7am as elei\u00e7\u00f5es para as quatro vagas da sociedade civil"},"content":{"rendered":"<p>As&nbsp;elei&ccedil;&otilde;es para o&nbsp;Comit&ecirc; Gestor da Internet&nbsp;acontecem de 1 a&nbsp;7&nbsp;de novembro. Treze candidatos disputam as quatro vagas do terceiro setor no Comit&ecirc;, respons&aacute;vel por, entre outras fun&ccedil;&otilde;es,&nbsp;estabelecer os par&acirc;metros da governan&ccedil;a da internet no pa&iacute;s. Al&eacute;m do terceiro setor, governo, empres&aacute;rios e acad&ecirc;micos devem zelar pelo cumprimento desses acordos em benef&iacute;cio da sociedade brasileira em geral.<\/p>\n<p>Com o prop&oacute;sito de fomentar e difundir o debate a respeito das tarefas e prioridades para a atua&ccedil;&atilde;o no CGI.br, o Observat&oacute;rio do Direito &agrave; Comunica&ccedil;&atilde;o publica neste espa&ccedil;o entrevistas com os candidatos do terceiro setor, partindo do princ&iacute;pio de equidade de express&atilde;o a todos. Foram quatro perguntas formuladas indistintamente aos treze candidatos. <\/p>\n<p>Tr&ecirc;s deles ainda n&atilde;o haviam respondido at&eacute; o fechamento da mat&eacute;ria, no caso, Jorge Barbedo de Almeida, Maria do Amparo Ara&uacute;jo e Mario Luis Teza. Assim que as respostas forem enviadas, ser&atilde;o publicadas. Os demais enviaram suas respostas por e-mail, as quais publicamos nos links abaixo. Lucivaldo Paz da Lira, que tamb&eacute;m fazia parte da lista, retirou sua candidatura, declarando apoio ao candidato&nbsp;Gustavo Gindre. <\/p>\n<p class=\"MsoNormal\">Confira a seguir as quatro perguntas formuladas:<\/p>\n<p><strong>1. Como avalia o trabalho do CGI.Br at&eacute; o momento?<\/strong><\/p>\n<div>\n<div><strong>2. Caso eleito(a), quais ser&atilde;o suas prioridades como membro do Comit&ecirc;?<\/strong><\/div>\n<div><strong><br \/>3. Caso eleito(a), como prestar&aacute; contas &agrave; sociedade?<\/strong><\/div>\n<div><strong><br \/>4. Na sua avalia&ccedil;&atilde;o, qual&nbsp;deve ser&nbsp;o papel do CGI.Br na constru&ccedil;&atilde;o de um marco regulat&oacute;rio relativo &agrave; converg&ecirc;ncia tecnol&oacute;gica?<\/strong><\/div>\n<\/div>\n<p class=\"MsoNormal\"><u>Confira a resposta dos candidatos<br \/><\/u><br \/><a href=\"http:\/\/localhost\/intervozes_direitoacomunicacao\/wordpress\/?p=19583\"><strong>Ana Maria Drummond<\/strong><\/a> <\/p>\n<p class=\"MsoNormal\"><a href=\"http:\/\/localhost\/intervozes_direitoacomunicacao\/wordpress\/?p=19587\"><strong>Arnaldo de Almeida Carvalho<\/strong><\/a> <\/p>\n<p class=\"MsoNormal\"><a href=\"http:\/\/localhost\/intervozes_direitoacomunicacao\/wordpress\/?p=19579\"><strong>Carlos Alberto Afonso<\/strong><\/a> <\/p>\n<p class=\"MsoNormal\"><a href=\"http:\/\/localhost\/intervozes_direitoacomunicacao\/wordpress\/?p=19586\"><strong>Cassius Regis Antunes Coelho<\/strong><\/a> <\/p>\n<p class=\"MsoNormal\"><a href=\"http:\/\/localhost\/intervozes_direitoacomunicacao\/wordpress\/?p=19582\"><strong>Elma Maria da Silva de Alleluia<\/strong><\/a> <\/p>\n<p class=\"MsoNormal\"><a href=\"http:\/\/localhost\/intervozes_direitoacomunicacao\/wordpress\/?p=19585\"><strong>Everton dos Santos Rodrigues<\/strong><\/a> <\/p>\n<p class=\"MsoNormal\"><a href=\"http:\/\/localhost\/intervozes_direitoacomunicacao\/wordpress\/?p=19578\"><strong>Gustavo Gindre<\/strong><\/a> <\/p>\n<p class=\"MsoNormal\"><a href=\"http:\/\/localhost\/intervozes_direitoacomunicacao\/wordpress\/?p=19581\"><strong>James G&ouml;rgen<\/strong><\/a> <\/p>\n<p class=\"MsoNormal\"><a href=\"http:\/\/localhost\/intervozes_direitoacomunicacao\/wordpress\/?p=19580\"><strong>Luiz Nazareno de Souza<\/strong><\/a> <\/p>\n<p class=\"MsoNormal\"><a href=\"http:\/\/localhost\/intervozes_direitoacomunicacao\/wordpress\/?p=19584\"><strong>Marcelo Fernandes Costa<\/strong><\/a> <\/p>\n","protected":false},"excerpt":{"rendered":"<p>As&nbsp;elei&ccedil;&otilde;es para o&nbsp;Comit&ecirc; Gestor da Internet&nbsp;acontecem de 1 a&nbsp;7&nbsp;de novembro. Treze candidatos disputam as quatro vagas do terceiro setor no Comit&ecirc;, respons&aacute;vel por, entre outras fun&ccedil;&otilde;es,&nbsp;estabelecer os par&acirc;metros da governan&ccedil;a da internet no pa&iacute;s. Al&eacute;m do terceiro setor, governo, empres&aacute;rios e acad&ecirc;micos devem zelar pelo cumprimento desses acordos em benef&iacute;cio da sociedade brasileira em geral. &hellip; <a href=\"https:\/\/obscom.intervozes.org.br\/?p=19588\" class=\"more-link\">Continue lendo <span class=\"screen-reader-text\">Come\u00e7am as elei\u00e7\u00f5es para as quatro vagas da sociedade civil<\/span> <span class=\"meta-nav\">&rarr;<\/span><\/a><\/p>\n","protected":false},"author":1,"featured_media":0,"comment_status":"open","ping_status":"open","sticky":false,"template":"","format":"standard","meta":{"footnotes":""},"categories":[40],"tags":[502],"_links":{"self":[{"href":"https:\/\/obscom.intervozes.org.br\/index.php?rest_route=\/wp\/v2\/posts\/19588"}],"collection":[{"href":"https:\/\/obscom.intervozes.org.br\/index.php?rest_route=\/wp\/v2\/posts"}],"about":[{"href":"https:\/\/obscom.intervozes.org.br\/index.php?rest_route=\/wp\/v2\/types\/post"}],"author":[{"embeddable":true,"href":"https:\/\/obscom.intervozes.org.br\/index.php?rest_route=\/wp\/v2\/users\/1"}],"replies":[{"embeddable":true,"href":"https:\/\/obscom.intervozes.org.br\/index.php?rest_route=%2Fwp%2Fv2%2Fcomments&post=19588"}],"version-history":[{"count":10,"href":"https:\/\/obscom.intervozes.org.br\/index.php?rest_route=\/wp\/v2\/posts\/19588\/revisions"}],"predecessor-version":[{"id":27790,"href":"https:\/\/obscom.intervozes.org.br\/index.php?rest_route=\/wp\/v2\/posts\/19588\/revisions\/27790"}],"wp:attachment":[{"href":"https:\/\/obscom.intervozes.org.br\/index.php?rest_route=%2Fwp%2Fv2%2Fmedia&parent=19588"}],"wp:term":[{"taxonomy":"category","embeddable":true,"href":"https:\/\/obscom.intervozes.org.br\/index.php?rest_route=%2Fwp%2Fv2%2Fcategories&post=19588"},{"taxonomy":"post_tag","embeddable":true,"href":"https:\/\/obscom.intervozes.org.br\/index.php?rest_route=%2Fwp%2Fv2%2Ftags&post=19588"}],"curies":[{"name":"wp","href":"https:\/\/api.w.org\/{rel}","templated":true}]}}