{"id":19574,"date":"2007-10-25T11:38:03","date_gmt":"2007-10-25T11:38:03","guid":{"rendered":"https:\/\/obscom.intervozes.org.br\/wordpress\/?p=19574"},"modified":"2007-10-25T11:38:03","modified_gmt":"2007-10-25T11:38:03","slug":"emendas-sao-fruto-de-interpretacao-equivocada-diz-martins","status":"publish","type":"post","link":"https:\/\/obscom.intervozes.org.br\/?p=19574","title":{"rendered":"Emendas s\u00e3o fruto de interpreta\u00e7\u00e3o equivocada, diz Martins"},"content":{"rendered":"<p>O ministro-chefe da Secretaria de Comunica&ccedil;&atilde;o Social, Franklin Martins, tem tentado apaziguar uma poss&iacute;vel pol&ecirc;mica com os parlamentares sobre as fontes de financiamento da TV Brasil. Nesta quarta-feira, 24, o ministro participou de debate no Senado Federal sobre flexibiliza&ccedil;&atilde;o do hor&aacute;rio da &quot;Voz do Brasil&quot; e, ao sair, comentou que o grande n&uacute;mero de emendas que pro&iacute;bem a televis&atilde;o p&uacute;blica de comercializar publicidade &eacute; fruto de problemas de interpreta&ccedil;&atilde;o sobre o texto encaminhado pelo Executivo.<\/p>\n<p>&quot;Acho que est&aacute; havendo um mal entendido. Somos contra a TV Brasil fazer publicidade comercial tamb&eacute;m. A id&eacute;ia &eacute; que o financiamento seja somente pelas leis de incentivo, como a Lei Rouanet, e pela propaganda institucional&quot;, esclareceu Martins.<\/p>\n<p>Diversas emendas feitas &agrave; MP 398\/2007 tratam desse assunto, sugerindo uma reda&ccedil;&atilde;o mais clara sobre a veda&ccedil;&atilde;o &agrave;s propagandas tradicionais, t&iacute;picas das emissoras comerciais. Nesse contexto, o pr&oacute;prio ministro aceita que as emendas possam ser construtivas, j&aacute; que a inten&ccedil;&atilde;o do Executivo n&atilde;o seria permitir a publicidade comercial. &quot;N&atilde;o se pretende fazer comercial de ferro de passar ou de viagem. A preocupa&ccedil;&atilde;o pode ser resolvida no pr&oacute;prio texto da medida provis&oacute;ria&quot;, afirmou.<\/p>\n<p><strong>10 de novembro<\/p>\n<p><\/strong>Franklin Martins prefere n&atilde;o fazer apostas sobre quanto tempo a tramita&ccedil;&atilde;o da MP levar&aacute; no Congresso Nacional, muito menos se haver&aacute; tempo de transform&aacute;-la em lei ainda neste ano. Como as medidas provis&oacute;rias t&ecirc;m vig&ecirc;ncia imediata, a Secretaria de Comunica&ccedil;&atilde;o Social tem concentrado esfor&ccedil;os para come&ccedil;ar a consolida&ccedil;&atilde;o entre a Radiobr&aacute;s e a Acerp. &quot;Entre autorizar e criar (a nova empresa) h&aacute; uma dist&acirc;ncia grande, e toda a burocracia de constitui&ccedil;&atilde;o do CNPJ&quot;, explicou. <\/p>\n<p>Pelo cronograma, esta parte burocr&aacute;tica deve ser finalizada at&eacute; o dia 10 de novembro, segundo o ministro. Vencida esta etapa, o pr&oacute;ximo passo ser&aacute; a nomea&ccedil;&atilde;o dos conselhos diretor e curador, dando corpo definitivo &agrave; TV Brasil. Mas ainda h&aacute; d&uacute;vidas sobre como ser&aacute; o lan&ccedil;amento oficial da nova TV p&uacute;blica. Martins faz mist&eacute;rio sobre o an&uacute;ncio das transmiss&otilde;es conjuntas com novo formato, dizendo que durante um bom tempo n&atilde;o ser&aacute; poss&iacute;vel perceber mudan&ccedil;as dr&aacute;sticas na programa&ccedil;&atilde;o. &quot;N&atilde;o haver&aacute; necessariamente um salto imediato de qualidade no in&iacute;cio&quot;, avisa o ministro.<\/p>\n<p><strong>Nova programa&ccedil;&atilde;o<\/p>\n<p><\/strong>A busca por programas com o perfil que a TV Brasil prop&otilde;e ir&aacute; ocorrer ap&oacute;s a consolida&ccedil;&atilde;o da estrutura da nova empresa. Martins calcula que as primeiras mudan&ccedil;as percept&iacute;veis na programa&ccedil;&atilde;o devam ocorrer apenas daqui a seis ou oito meses da implanta&ccedil;&atilde;o. A demora &eacute; explicada pela log&iacute;stica normal da implanta&ccedil;&atilde;o de uma televis&atilde;o e n&atilde;o por falta de id&eacute;ias.<\/p>\n<p>O ministro disse que tem recebido diversas sugest&otilde;es em seu gabinete para programas aderentes &agrave; id&eacute;ia do Executivo de estimular a cidadania e a identidade brasileira. Mas a sele&ccedil;&atilde;o das id&eacute;ias deve ficar a cargo do conselho diretor, quando este tomar posse. &quot;N&atilde;o cabe a mim decidir. Mas essas diversas id&eacute;ias mostram que h&aacute; sim uma oferta represada desse tipo de programa, como j&aacute; imagin&aacute;vamos&quot;, afirmou Martins. <\/p>\n","protected":false},"excerpt":{"rendered":"<p>O ministro-chefe da Secretaria de Comunica&ccedil;&atilde;o Social, Franklin Martins, tem tentado apaziguar uma poss&iacute;vel pol&ecirc;mica com os parlamentares sobre as fontes de financiamento da TV Brasil. Nesta quarta-feira, 24, o ministro participou de debate no Senado Federal sobre flexibiliza&ccedil;&atilde;o do hor&aacute;rio da &quot;Voz do Brasil&quot; e, ao sair, comentou que o grande n&uacute;mero de emendas &hellip; <a href=\"https:\/\/obscom.intervozes.org.br\/?p=19574\" class=\"more-link\">Continue lendo <span class=\"screen-reader-text\">Emendas s\u00e3o fruto de interpreta\u00e7\u00e3o equivocada, diz Martins<\/span> <span class=\"meta-nav\">&rarr;<\/span><\/a><\/p>\n","protected":false},"author":1,"featured_media":0,"comment_status":"open","ping_status":"open","sticky":false,"template":"","format":"standard","meta":{"footnotes":""},"categories":[40],"tags":[380],"_links":{"self":[{"href":"https:\/\/obscom.intervozes.org.br\/index.php?rest_route=\/wp\/v2\/posts\/19574"}],"collection":[{"href":"https:\/\/obscom.intervozes.org.br\/index.php?rest_route=\/wp\/v2\/posts"}],"about":[{"href":"https:\/\/obscom.intervozes.org.br\/index.php?rest_route=\/wp\/v2\/types\/post"}],"author":[{"embeddable":true,"href":"https:\/\/obscom.intervozes.org.br\/index.php?rest_route=\/wp\/v2\/users\/1"}],"replies":[{"embeddable":true,"href":"https:\/\/obscom.intervozes.org.br\/index.php?rest_route=%2Fwp%2Fv2%2Fcomments&post=19574"}],"version-history":[{"count":0,"href":"https:\/\/obscom.intervozes.org.br\/index.php?rest_route=\/wp\/v2\/posts\/19574\/revisions"}],"wp:attachment":[{"href":"https:\/\/obscom.intervozes.org.br\/index.php?rest_route=%2Fwp%2Fv2%2Fmedia&parent=19574"}],"wp:term":[{"taxonomy":"category","embeddable":true,"href":"https:\/\/obscom.intervozes.org.br\/index.php?rest_route=%2Fwp%2Fv2%2Fcategories&post=19574"},{"taxonomy":"post_tag","embeddable":true,"href":"https:\/\/obscom.intervozes.org.br\/index.php?rest_route=%2Fwp%2Fv2%2Ftags&post=19574"}],"curies":[{"name":"wp","href":"https:\/\/api.w.org\/{rel}","templated":true}]}}