{"id":19572,"date":"2007-10-24T15:27:31","date_gmt":"2007-10-24T15:27:31","guid":{"rendered":"https:\/\/obscom.intervozes.org.br\/wordpress\/?p=19572"},"modified":"2007-10-24T15:27:31","modified_gmt":"2007-10-24T15:27:31","slug":"evento-sobre-igf-recebe-representante-do-ministerio-das-relacoes-exteriores-na-usp","status":"publish","type":"post","link":"https:\/\/obscom.intervozes.org.br\/?p=19572","title":{"rendered":"Evento sobre IGF recebe representante do Minist\u00e9rio das Rela\u00e7\u00f5es Exteriores na USP"},"content":{"rendered":"\n<p>Como prepara&ccedil;&atilde;o para o II Internet Governance F&oacute;rum &ndash; IGF, que acontece em novembro, no Rio de Janeiro, o Grupo de Pesquisa de Pol&iacute;ticas para Acesso &agrave; Informa&ccedil;&atilde;o da Escola de Artes, Ci&ecirc;ncias e Humanidades da USP programou atividade com o chefe da Divis&atilde;o de Ci&ecirc;ncia e Tecnologia do Minist&eacute;rio das Rela&ccedil;&otilde;es Exteriores Everton Lucero. O debate &eacute; o primeiro de uma s&eacute;rie de tr&ecirc;s encontros entre o grupo paulista que pretende participar do IGF e est&aacute; marcado para o pr&oacute;ximo dia 26 &agrave;s 16h, na sala 118 do pr&eacute;dio de Ci&ecirc;ncias Sociais e Filosofia da Faculdade de Filosofia, Letras e Ci&ecirc;ncias Humanas da USP.<\/p>\n","protected":false},"excerpt":{"rendered":"<p>Como prepara&ccedil;&atilde;o para o II Internet Governance F&oacute;rum &ndash; IGF, que acontece em novembro, no Rio de Janeiro, o Grupo de Pesquisa de Pol&iacute;ticas para Acesso &agrave; Informa&ccedil;&atilde;o da Escola de Artes, Ci&ecirc;ncias e Humanidades da USP programou atividade com o chefe da Divis&atilde;o de Ci&ecirc;ncia e Tecnologia do Minist&eacute;rio das Rela&ccedil;&otilde;es Exteriores Everton Lucero. &hellip; <a href=\"https:\/\/obscom.intervozes.org.br\/?p=19572\" class=\"more-link\">Continue lendo <span class=\"screen-reader-text\">Evento sobre IGF recebe representante do Minist\u00e9rio das Rela\u00e7\u00f5es Exteriores na USP<\/span> <span class=\"meta-nav\">&rarr;<\/span><\/a><\/p>\n","protected":false},"author":1,"featured_media":0,"comment_status":"open","ping_status":"open","sticky":false,"template":"","format":"standard","meta":{"footnotes":""},"categories":[39],"tags":[],"_links":{"self":[{"href":"https:\/\/obscom.intervozes.org.br\/index.php?rest_route=\/wp\/v2\/posts\/19572"}],"collection":[{"href":"https:\/\/obscom.intervozes.org.br\/index.php?rest_route=\/wp\/v2\/posts"}],"about":[{"href":"https:\/\/obscom.intervozes.org.br\/index.php?rest_route=\/wp\/v2\/types\/post"}],"author":[{"embeddable":true,"href":"https:\/\/obscom.intervozes.org.br\/index.php?rest_route=\/wp\/v2\/users\/1"}],"replies":[{"embeddable":true,"href":"https:\/\/obscom.intervozes.org.br\/index.php?rest_route=%2Fwp%2Fv2%2Fcomments&post=19572"}],"version-history":[{"count":0,"href":"https:\/\/obscom.intervozes.org.br\/index.php?rest_route=\/wp\/v2\/posts\/19572\/revisions"}],"wp:attachment":[{"href":"https:\/\/obscom.intervozes.org.br\/index.php?rest_route=%2Fwp%2Fv2%2Fmedia&parent=19572"}],"wp:term":[{"taxonomy":"category","embeddable":true,"href":"https:\/\/obscom.intervozes.org.br\/index.php?rest_route=%2Fwp%2Fv2%2Fcategories&post=19572"},{"taxonomy":"post_tag","embeddable":true,"href":"https:\/\/obscom.intervozes.org.br\/index.php?rest_route=%2Fwp%2Fv2%2Ftags&post=19572"}],"curies":[{"name":"wp","href":"https:\/\/api.w.org\/{rel}","templated":true}]}}