{"id":19569,"date":"2007-10-24T13:15:33","date_gmt":"2007-10-24T13:15:33","guid":{"rendered":"https:\/\/obscom.intervozes.org.br\/wordpress\/?p=19569"},"modified":"2007-10-24T13:15:33","modified_gmt":"2007-10-24T13:15:33","slug":"agencia-aprova-mas-impoe-restricoes-a-entrada-da-telefonica-na-telecom-italia","status":"publish","type":"post","link":"https:\/\/obscom.intervozes.org.br\/?p=19569","title":{"rendered":"Ag\u00eancia aprova, mas imp\u00f5e restri\u00e7\u00f5es \u00e0 entrada da Telef\u00f3nica na Telecom Italia"},"content":{"rendered":"<p>A compra de parte de Telecom Italia pela Telef&ocirc;nica, efetivada na Europa e com reflexos no mercado brasileiro de telefonia m&oacute;vel celular, onde Vivo e TIM det&ecirc;m juntas 53% do mercado, foi aprovada pelo hoje pelo Conselho Diretor da Ag&ecirc;ncia Nacional de Telecomunica&ccedil;&otilde;es (Anatel). A vota&ccedil;&atilde;o foi un&acirc;nime pelos cinco conselheiros da Anatel, embora o conselheiro Pl&iacute;nio de Aguiar J&uacute;nior tenha apresentado voto em separado, em que formulou outras condi&ccedil;&otilde;es, que, na ess&ecirc;ncia, preserva, a decis&atilde;o da maioria.<\/p>\n<p>A anu&ecirc;ncia pr&eacute;via foi aprovada pela ag&ecirc;ncia com 28 restri&ccedil;&otilde;es, que mant&ecirc;m as opera&ccedil;&otilde;es da Vivo e da TIM aut&ocirc;nomas e desvinculadas, informou, em coletiva &agrave; imprensa, o conselheiro Ant&ocirc;nio Bedran, relator do processo. &ldquo;Tem de haver desvincula&ccedil;&atilde;o total no Brasil entre Telef&ocirc;nica e Telecom Italia&rdquo;, resumiu Bedran. O pacote de restri&ccedil;&otilde;es limita a participa&ccedil;&atilde;o da Telef&ocirc;nica a 8,3% do controle societ&aacute;rio da Telecom Italia no Brasil, pelos c&aacute;lculos da ag&ecirc;ncia. Essa participa&ccedil;&atilde;o poderia chegar a, no m&aacute;ximo 19,9%, pelas regras brasileiras em vigor. <\/p>\n<p>Essa desvincula&ccedil;&atilde;o ser&aacute; formalmente assegurada pelas duas concession&aacute;rias (Telef&ocirc;nica e Telecom Italia) por meio de um novo acordo de acionistas entre as duas, a ser formulado e apresentado &agrave;&nbsp; Anatel no prazo de seis meses. Nesse novo acordo, as restri&ccedil;&otilde;es &ndash; relacionadas em tr&ecirc;s laudas e meia de recomenda&ccedil;&otilde;es &ndash; ter&atilde;o de estar integralmente contempladas e a atual proposta de acordo entre as duas perde a validade.<\/p>\n<p>Pelas determina&ccedil;&otilde;es da Anatel, fica vetada a participa&ccedil;&atilde;o dos membros da Telef&ocirc;nica nos conselhos de administra&ccedil;&atilde;o, nas assembl&eacute;ias de acionistas e diretorias da Telecom Italia ou em qualquer outra empresa por ela controlada, bem como nas delibera&ccedil;&otilde;es da Telco e da Ol&iacute;mpia. &Eacute; por meio dessas duas empresas europ&eacute;ias que a associa&ccedil;&atilde;o entre Telef&ocirc;nica e Telecom Italia foi formalizada e produziu o acordo de acionistas agora aprovado com restri&ccedil;&otilde;es pelo regulador brasileiro. Pela decis&atilde;o da Anatel, ficam proibidas no Brasil quaisquer rela&ccedil;&otilde;es entre empresas controladas pela Telef&ocirc;nica e pela Telecom Italia que atuam no mercado de telecomunica&ccedil;&otilde;es. <\/p>\n<p>A decis&atilde;o final sobre o neg&oacute;cio ainda depende do Conselho Administrativo de Defesa Econ&ocirc;mica (CADE),que far&aacute; a an&aacute;lise sob o &acirc;ngulo da concorr&ecirc;ncia e da concentra&ccedil;&atilde;o do mercado. A Superintend&ecirc;ncia de Servi&ccedil;os Privados da Anatel est&aacute; em fase final de instru&ccedil;&atilde;o do ato de concentra&ccedil;&atilde;o, que, ap&oacute;s aprovado pelo conselho diretor, ser&aacute; encaminhado ao CADE, informou o superintendente Jarbas Valente.&nbsp;&nbsp;&nbsp;&nbsp;&nbsp;&nbsp; <\/p>\n","protected":false},"excerpt":{"rendered":"<p>A compra de parte de Telecom Italia pela Telef&ocirc;nica, efetivada na Europa e com reflexos no mercado brasileiro de telefonia m&oacute;vel celular, onde Vivo e TIM det&ecirc;m juntas 53% do mercado, foi aprovada pelo hoje pelo Conselho Diretor da Ag&ecirc;ncia Nacional de Telecomunica&ccedil;&otilde;es (Anatel). A vota&ccedil;&atilde;o foi un&acirc;nime pelos cinco conselheiros da Anatel, embora o &hellip; <a href=\"https:\/\/obscom.intervozes.org.br\/?p=19569\" class=\"more-link\">Continue lendo <span class=\"screen-reader-text\">Ag\u00eancia aprova, mas imp\u00f5e restri\u00e7\u00f5es \u00e0 entrada da Telef\u00f3nica na Telecom Italia<\/span> <span class=\"meta-nav\">&rarr;<\/span><\/a><\/p>\n","protected":false},"author":1,"featured_media":0,"comment_status":"open","ping_status":"open","sticky":false,"template":"","format":"standard","meta":{"footnotes":""},"categories":[40],"tags":[152],"_links":{"self":[{"href":"https:\/\/obscom.intervozes.org.br\/index.php?rest_route=\/wp\/v2\/posts\/19569"}],"collection":[{"href":"https:\/\/obscom.intervozes.org.br\/index.php?rest_route=\/wp\/v2\/posts"}],"about":[{"href":"https:\/\/obscom.intervozes.org.br\/index.php?rest_route=\/wp\/v2\/types\/post"}],"author":[{"embeddable":true,"href":"https:\/\/obscom.intervozes.org.br\/index.php?rest_route=\/wp\/v2\/users\/1"}],"replies":[{"embeddable":true,"href":"https:\/\/obscom.intervozes.org.br\/index.php?rest_route=%2Fwp%2Fv2%2Fcomments&post=19569"}],"version-history":[{"count":0,"href":"https:\/\/obscom.intervozes.org.br\/index.php?rest_route=\/wp\/v2\/posts\/19569\/revisions"}],"wp:attachment":[{"href":"https:\/\/obscom.intervozes.org.br\/index.php?rest_route=%2Fwp%2Fv2%2Fmedia&parent=19569"}],"wp:term":[{"taxonomy":"category","embeddable":true,"href":"https:\/\/obscom.intervozes.org.br\/index.php?rest_route=%2Fwp%2Fv2%2Fcategories&post=19569"},{"taxonomy":"post_tag","embeddable":true,"href":"https:\/\/obscom.intervozes.org.br\/index.php?rest_route=%2Fwp%2Fv2%2Ftags&post=19569"}],"curies":[{"name":"wp","href":"https:\/\/api.w.org\/{rel}","templated":true}]}}