{"id":19568,"date":"2007-10-24T13:07:16","date_gmt":"2007-10-24T13:07:16","guid":{"rendered":"https:\/\/obscom.intervozes.org.br\/wordpress\/?p=19568"},"modified":"2007-10-24T13:07:16","modified_gmt":"2007-10-24T13:07:16","slug":"abta-vai-recorrer-a-justica-contra-aprovacao-da-venda-da-way-tv-para-oi","status":"publish","type":"post","link":"https:\/\/obscom.intervozes.org.br\/?p=19568","title":{"rendered":"ABTA vai recorrer \u00e0 Justi\u00e7a contra aprova\u00e7\u00e3o da venda da Way TV para Oi"},"content":{"rendered":"<p>A ABTA (Associa&ccedil;&atilde;o Brasileira das Operadoras de TV por Assinatura) vai recorrer &agrave; Justi&ccedil;a contra a decis&atilde;o do conselho diretor da Anatel que autorizou a venda a Way TV para a Oi. Para a entidade, a autoriza&ccedil;&atilde;o &eacute; uma &quot;verdadeira afronta a todo arcabou&ccedil;o jur&iacute;dico e regulat&oacute;rio respeitado pelo mercado brasileiro&quot;.&nbsp; A entidade diz que decidiu por esse caminho em respeito ao posicionamento anterior da ag&ecirc;ncia, que havia proibido essa transa&ccedil;&atilde;o. Hoje, por tr&ecirc;s votos a dois, o conselho atendeu ao pedido de reconsidera&ccedil;&atilde;o feito pela Oi. <\/p>\n<p>De acordo com a ABTA, a cl&aacute;usula 14.1 do contrato de concess&atilde;o da Telemar impede que controladas, coligadas ou controladoras da concession&aacute;ria de telefonia fixa local operem o servi&ccedil;o de TV a cabo na sua &aacute;rea de atua&ccedil;&atilde;o. A ABTA disse que a nova decis&atilde;o &quot;al&eacute;m de causar estranheza em todos os participantes desse mercado, vem refor&ccedil;ar uma conduta menos objetiva e reflexiva da lei atual para os servi&ccedil;os de TV por assinatura&quot;.<\/p>\n","protected":false},"excerpt":{"rendered":"<p>A ABTA (Associa&ccedil;&atilde;o Brasileira das Operadoras de TV por Assinatura) vai recorrer &agrave; Justi&ccedil;a contra a decis&atilde;o do conselho diretor da Anatel que autorizou a venda a Way TV para a Oi. Para a entidade, a autoriza&ccedil;&atilde;o &eacute; uma &quot;verdadeira afronta a todo arcabou&ccedil;o jur&iacute;dico e regulat&oacute;rio respeitado pelo mercado brasileiro&quot;.&nbsp; A entidade diz que &hellip; <a href=\"https:\/\/obscom.intervozes.org.br\/?p=19568\" class=\"more-link\">Continue lendo <span class=\"screen-reader-text\">ABTA vai recorrer \u00e0 Justi\u00e7a contra aprova\u00e7\u00e3o da venda da Way TV para Oi<\/span> <span class=\"meta-nav\">&rarr;<\/span><\/a><\/p>\n","protected":false},"author":1,"featured_media":0,"comment_status":"open","ping_status":"open","sticky":false,"template":"","format":"standard","meta":{"footnotes":""},"categories":[40],"tags":[499],"_links":{"self":[{"href":"https:\/\/obscom.intervozes.org.br\/index.php?rest_route=\/wp\/v2\/posts\/19568"}],"collection":[{"href":"https:\/\/obscom.intervozes.org.br\/index.php?rest_route=\/wp\/v2\/posts"}],"about":[{"href":"https:\/\/obscom.intervozes.org.br\/index.php?rest_route=\/wp\/v2\/types\/post"}],"author":[{"embeddable":true,"href":"https:\/\/obscom.intervozes.org.br\/index.php?rest_route=\/wp\/v2\/users\/1"}],"replies":[{"embeddable":true,"href":"https:\/\/obscom.intervozes.org.br\/index.php?rest_route=%2Fwp%2Fv2%2Fcomments&post=19568"}],"version-history":[{"count":0,"href":"https:\/\/obscom.intervozes.org.br\/index.php?rest_route=\/wp\/v2\/posts\/19568\/revisions"}],"wp:attachment":[{"href":"https:\/\/obscom.intervozes.org.br\/index.php?rest_route=%2Fwp%2Fv2%2Fmedia&parent=19568"}],"wp:term":[{"taxonomy":"category","embeddable":true,"href":"https:\/\/obscom.intervozes.org.br\/index.php?rest_route=%2Fwp%2Fv2%2Fcategories&post=19568"},{"taxonomy":"post_tag","embeddable":true,"href":"https:\/\/obscom.intervozes.org.br\/index.php?rest_route=%2Fwp%2Fv2%2Ftags&post=19568"}],"curies":[{"name":"wp","href":"https:\/\/api.w.org\/{rel}","templated":true}]}}