{"id":19562,"date":"2007-10-24T12:55:14","date_gmt":"2007-10-24T12:55:14","guid":{"rendered":"https:\/\/obscom.intervozes.org.br\/wordpress\/?p=19562"},"modified":"2007-10-24T12:55:14","modified_gmt":"2007-10-24T12:55:14","slug":"fgv-prefere-unbundling-a-separacao-estrutural","status":"publish","type":"post","link":"https:\/\/obscom.intervozes.org.br\/?p=19562","title":{"rendered":"FGV prefere unbundling \u00e0 separa\u00e7\u00e3o estrutural"},"content":{"rendered":"<p>Num pa&iacute;s como o Brasil, onde a penetra&ccedil;&atilde;o do acesso em banda larga ainda &eacute; baixa, apenas 3% da popula&ccedil;&atilde;o, seria interessante ampliar a competi&ccedil;&atilde;o e fazer a desagrega&ccedil;&atilde;o de redes via o unbundling, ao inv&eacute;s de adotar um modelo mais radical, de separar tudo (redes e servi&ccedil;os), a exemplo do que est&aacute; sendo feito na Inglaterra e em outros pa&iacute;ses. Esse modelo foi defendido pelo professor da FGV, Arthur Barrionuevo, no 12&ordm; Semin&aacute;rio Tele.S&iacute;ntese, realizado pela Momento Editorial. No entendimento do economista, a separa&ccedil;&atilde;o total n&atilde;o &eacute; a medida mais adequada para expandir a rede e existem outras formas, &ldquo;menos radicais&rdquo;, para aumentar a competi&ccedil;&atilde;o e que preservem o investimento. &ldquo;O modelo de competi&ccedil;&atilde;o de plataformas &eacute; o mais eficaz para ampliar a oferta de banda larga no Brasil&rdquo;, apontou.<\/p>\n<p>Barrionuevo acredita que a separa&ccedil;&atilde;o de redes poderia impactar negativamente o n&iacute;vel de investimento e a expans&atilde;o das redes. Em sua avalia&ccedil;&atilde;o, do ponto de vista concorrencial, o importante n&atilde;o &eacute; a forma de separa&ccedil;&atilde;o, mas a garantia de que quem controla a rede n&atilde;o vai discriminar o seu uso. Por outro lado, destacou que a evolu&ccedil;&atilde;o das tecnologias digitais impulsiona, cada vez mais, os movimentos de converg&ecirc;ncia e que, comprovadamente, as TICs (Tecnologias de Informa&ccedil;&atilde;o e Comunica&ccedil;&otilde;es) contribuem para aumentar o PIB. Citou estudo com 135 pa&iacute;ses, que apontou aumento de 0,3% no PIB dos pa&iacute;ses que fizeram uso de TICs, com impacto no desenvolvimento e na efici&ecirc;ncia.<\/p>\n<p><strong>Concentra&ccedil;&atilde;o<\/strong><\/p>\n<p>Ao mesmo tempo em que tem baixa penetra&ccedil;&atilde;o, o mercado de banda larga no Brasil &eacute; dos mais concentrados. Barrionuevo citou um estudo da Frost &amp; Sullivam, de janeiro deste ano, mostrando que, no Brasil, o market share da banda larga &eacute; dominado pelas telcos, que t&ecirc;m 80% do mercado, enquanto o acesso por rede de TV a cabo responde por 18% e outras tecnologias por apenas 2%. No Chile, as telcos t&ecirc;m 48%, cabo 41% e outras tecnologias respondem por 11%; nos Estados Unidos, o cabo predomina com 51%, as telcos t&ecirc;m 41% e as clecs (espelhos) t&ecirc;m 8%.<\/p>\n<p><strong>Modelo brit&acirc;nico<\/strong><\/p>\n<p>Para Moacir Giansante, consultor de tecnologias do CPqD, o modelo adotado na Inglaterra pode ser uma refer&ecirc;ncia para outros pa&iacute;ses, inclusive o Brasil, desde que se entenda que l&aacute;, somente a infra-estrutura foi transferida para outra empresa &ndash; a Openreach &ndash;, permanecendo sob a administra&ccedil;&atilde;o da British Telecom os demais equipamentos eletr&ocirc;nicos que auxiliam na presta&ccedil;&atilde;o do servi&ccedil;o. Para gerenciar esses equipamentos foi criada uma nova unidade &ndash; conhecida como Wholesale &ndash; respons&aacute;vel pela presta&ccedil;&atilde;o do servi&ccedil;o. Na sua vis&atilde;o, desta maneira a operadora brit&acirc;nica consegue minimizar os riscos de desinvestimento, j&aacute; que a parte mais avan&ccedil;ada tecnologicamente continua sob a dire&ccedil;&atilde;o da incumbent. Mas, para ele, no Brasil, a implementa&ccedil;&atilde;o de qualquer alternativa de separa&ccedil;&atilde;o de redes e servi&ccedil;os tem que ser analisada com cautela. &ldquo;A sua efic&aacute;cia deve ser analisada em fun&ccedil;&atilde;o das metas de universaliza&ccedil;&atilde;o&rdquo;, concluiu.<\/p>\n","protected":false},"excerpt":{"rendered":"<p>Num pa&iacute;s como o Brasil, onde a penetra&ccedil;&atilde;o do acesso em banda larga ainda &eacute; baixa, apenas 3% da popula&ccedil;&atilde;o, seria interessante ampliar a competi&ccedil;&atilde;o e fazer a desagrega&ccedil;&atilde;o de redes via o unbundling, ao inv&eacute;s de adotar um modelo mais radical, de separar tudo (redes e servi&ccedil;os), a exemplo do que est&aacute; sendo feito &hellip; <a href=\"https:\/\/obscom.intervozes.org.br\/?p=19562\" class=\"more-link\">Continue lendo <span class=\"screen-reader-text\">FGV prefere unbundling \u00e0 separa\u00e7\u00e3o estrutural<\/span> <span class=\"meta-nav\">&rarr;<\/span><\/a><\/p>\n","protected":false},"author":1,"featured_media":0,"comment_status":"open","ping_status":"open","sticky":false,"template":"","format":"standard","meta":{"footnotes":""},"categories":[40],"tags":[61],"_links":{"self":[{"href":"https:\/\/obscom.intervozes.org.br\/index.php?rest_route=\/wp\/v2\/posts\/19562"}],"collection":[{"href":"https:\/\/obscom.intervozes.org.br\/index.php?rest_route=\/wp\/v2\/posts"}],"about":[{"href":"https:\/\/obscom.intervozes.org.br\/index.php?rest_route=\/wp\/v2\/types\/post"}],"author":[{"embeddable":true,"href":"https:\/\/obscom.intervozes.org.br\/index.php?rest_route=\/wp\/v2\/users\/1"}],"replies":[{"embeddable":true,"href":"https:\/\/obscom.intervozes.org.br\/index.php?rest_route=%2Fwp%2Fv2%2Fcomments&post=19562"}],"version-history":[{"count":0,"href":"https:\/\/obscom.intervozes.org.br\/index.php?rest_route=\/wp\/v2\/posts\/19562\/revisions"}],"wp:attachment":[{"href":"https:\/\/obscom.intervozes.org.br\/index.php?rest_route=%2Fwp%2Fv2%2Fmedia&parent=19562"}],"wp:term":[{"taxonomy":"category","embeddable":true,"href":"https:\/\/obscom.intervozes.org.br\/index.php?rest_route=%2Fwp%2Fv2%2Fcategories&post=19562"},{"taxonomy":"post_tag","embeddable":true,"href":"https:\/\/obscom.intervozes.org.br\/index.php?rest_route=%2Fwp%2Fv2%2Ftags&post=19562"}],"curies":[{"name":"wp","href":"https:\/\/api.w.org\/{rel}","templated":true}]}}