{"id":19561,"date":"2007-10-24T12:53:29","date_gmt":"2007-10-24T12:53:29","guid":{"rendered":"https:\/\/obscom.intervozes.org.br\/wordpress\/?p=19561"},"modified":"2007-10-24T12:53:29","modified_gmt":"2007-10-24T12:53:29","slug":"frequencias-da-tv-digital-geram-divergencias-entre-brasil-e-eua","status":"publish","type":"post","link":"https:\/\/obscom.intervozes.org.br\/?p=19561","title":{"rendered":"Freq\u00fc\u00eancias da TV digital geram diverg\u00eancias entre Brasil e EUA"},"content":{"rendered":"<p>O governo brasileiro anunciou que pretende aproveitar a confer&ecirc;ncia que ocorre nesta semana, em Genebra, promovida pela Uni&atilde;o Internacional de Telecomunica&ccedil;&otilde;es (UIT), para bloquear a iniciativa americana definir as freq&uuml;&ecirc;ncias da TV digital no mundo &#8211; a id&eacute;ia dos americanos &eacute; permitir que uma banda seja definida rapidamente para que a freq&uuml;&ecirc;ncia usada pela TV anal&oacute;gica possa ser liberada para outros fins, como celulares e internet sem fio, mas o Brasil &eacute; contr&aacute;rio a essa posi&ccedil;&atilde;o. &#39;Enquanto os americanos pegam todas as freq&uuml;&ecirc;ncias existentes para a telefonia, n&oacute;s precisamos ainda de espa&ccedil;os para outras finalidades. S&oacute; a TV p&uacute;blica, por exemplo, precisar&aacute; de quatro canais&#39;, afirmou o ministro das Comunica&ccedil;&otilde;es, H&eacute;lio Costa. <\/p>\n<p>Pelos c&aacute;lculos americanos, a defini&ccedil;&atilde;o das freq&uuml;&ecirc;ncias abriria um espa&ccedil;o de US$ 15 bilh&otilde;es para o uso comercial das freq&uuml;&ecirc;ncias que seriam liberadas, mas o Brasil afirma que deve aproveitar o prazo que tem &#8211; at&eacute; 2016 &#8211; para migrar para a TV Digital. <\/p>\n<p>Outra briga do Brasil est&aacute; relacionado &agrave; tentativa dos europeus de definir a banda C como de uso exclusivo de celulares. &#39;No Brasil, 18 milh&otilde;es de pessoas assistem TV por antenas parab&oacute;licas que usam essa freq&uuml;&ecirc;ncia&#39;, disse Costa. <\/p>\n","protected":false},"excerpt":{"rendered":"<p>O governo brasileiro anunciou que pretende aproveitar a confer&ecirc;ncia que ocorre nesta semana, em Genebra, promovida pela Uni&atilde;o Internacional de Telecomunica&ccedil;&otilde;es (UIT), para bloquear a iniciativa americana definir as freq&uuml;&ecirc;ncias da TV digital no mundo &#8211; a id&eacute;ia dos americanos &eacute; permitir que uma banda seja definida rapidamente para que a freq&uuml;&ecirc;ncia usada pela TV &hellip; <a href=\"https:\/\/obscom.intervozes.org.br\/?p=19561\" class=\"more-link\">Continue lendo <span class=\"screen-reader-text\">Freq\u00fc\u00eancias da TV digital geram diverg\u00eancias entre Brasil e EUA<\/span> <span class=\"meta-nav\">&rarr;<\/span><\/a><\/p>\n","protected":false},"author":1,"featured_media":0,"comment_status":"open","ping_status":"open","sticky":false,"template":"","format":"standard","meta":{"footnotes":""},"categories":[40],"tags":[311],"_links":{"self":[{"href":"https:\/\/obscom.intervozes.org.br\/index.php?rest_route=\/wp\/v2\/posts\/19561"}],"collection":[{"href":"https:\/\/obscom.intervozes.org.br\/index.php?rest_route=\/wp\/v2\/posts"}],"about":[{"href":"https:\/\/obscom.intervozes.org.br\/index.php?rest_route=\/wp\/v2\/types\/post"}],"author":[{"embeddable":true,"href":"https:\/\/obscom.intervozes.org.br\/index.php?rest_route=\/wp\/v2\/users\/1"}],"replies":[{"embeddable":true,"href":"https:\/\/obscom.intervozes.org.br\/index.php?rest_route=%2Fwp%2Fv2%2Fcomments&post=19561"}],"version-history":[{"count":0,"href":"https:\/\/obscom.intervozes.org.br\/index.php?rest_route=\/wp\/v2\/posts\/19561\/revisions"}],"wp:attachment":[{"href":"https:\/\/obscom.intervozes.org.br\/index.php?rest_route=%2Fwp%2Fv2%2Fmedia&parent=19561"}],"wp:term":[{"taxonomy":"category","embeddable":true,"href":"https:\/\/obscom.intervozes.org.br\/index.php?rest_route=%2Fwp%2Fv2%2Fcategories&post=19561"},{"taxonomy":"post_tag","embeddable":true,"href":"https:\/\/obscom.intervozes.org.br\/index.php?rest_route=%2Fwp%2Fv2%2Ftags&post=19561"}],"curies":[{"name":"wp","href":"https:\/\/api.w.org\/{rel}","templated":true}]}}