{"id":19560,"date":"2007-10-24T12:47:27","date_gmt":"2007-10-24T12:47:27","guid":{"rendered":"https:\/\/obscom.intervozes.org.br\/wordpress\/?p=19560"},"modified":"2007-10-24T12:47:27","modified_gmt":"2007-10-24T12:47:27","slug":"senadores-criticam-imediatismo-na-criacao-da-tv-publica","status":"publish","type":"post","link":"https:\/\/obscom.intervozes.org.br\/?p=19560","title":{"rendered":"Senadores criticam imediatismo na cria\u00e7\u00e3o da TV P\u00fablica"},"content":{"rendered":"<p>Em sess&atilde;o realizada e transmitida pela TV Senado na &uacute;ltima segunda-feira (22), o senador Papal&eacute;o Paes (PSDB\/AP), durante seu pronunciamento, voltou a criticar a urg&ecirc;ncia com que foi criada a TV P&uacute;blica, prevista para estrear oficialmente no Pa&iacute;s em 2 de dezembro deste ano.<\/p>\n<p>A emissora, criada por meio de uma Medida Provis&oacute;ria institu&iacute;da pelo Presidente da Rep&uacute;blica Luiz In&aacute;cio Lula da Silva, pode funcionar, segundo Paes, como uma &quot;ferramenta de poder&quot; nas m&atilde;os de um &quot;comunicador por excel&ecirc;ncia&quot;, referindo-se a Lula. &quot;N&atilde;o podemos tolerar a inger&ecirc;ncia do Executivo sobre nosso trabalho&quot;, afirma Paes, defendendo a necessidade de um debate mais profundo sobre os rumos que deve tomar a TV P&uacute;blica e sobre a escolha de seus membros gestores.<\/p>\n<p>Em coment&aacute;rio ao pronunciamento de Paes, o senador Pedro Simon (PMSB\/RS) afirma que a cria&ccedil;&atilde;o de um ve&iacute;culo como a TV P&uacute;blica deveria ser melhor discutida e jamais efetivada por meio de uma Medida Provis&oacute;ria. &quot;O governo est&aacute; cometendo um grande equ&iacute;voco&quot;, destaca ao explicar que um meio de comunica&ccedil;&atilde;o com o alcance que tem a televis&atilde;o &eacute; fundamental para o acesso &agrave; educa&ccedil;&atilde;o e &agrave; cultura em um pa&iacute;s continental como o Brasil. <\/p>\n<p>Ainda em cr&iacute;tica &agrave; decis&atilde;o do governo, o senador M&atilde;o Santa (PMBD\/PI ressalta que medidas de urg&ecirc;ncia seriam aceitas em casos de investimentos em sa&uacute;de e educa&ccedil;&atilde;o e combate &agrave; viol&ecirc;ncia, mas considera desnecess&aacute;ria a decis&atilde;o de antecipar a cria&ccedil;&atilde;o da TV P&uacute;blica sem um longo debate pr&eacute;vio. &quot;Isso n&atilde;o &eacute; urg&ecirc;ncia, &eacute; palha&ccedil;ada&quot;, afirma. E completa: &quot;Isso &eacute; um desrespeito ao Congresso&quot;.<\/p>\n","protected":false},"excerpt":{"rendered":"<p>Em sess&atilde;o realizada e transmitida pela TV Senado na &uacute;ltima segunda-feira (22), o senador Papal&eacute;o Paes (PSDB\/AP), durante seu pronunciamento, voltou a criticar a urg&ecirc;ncia com que foi criada a TV P&uacute;blica, prevista para estrear oficialmente no Pa&iacute;s em 2 de dezembro deste ano. A emissora, criada por meio de uma Medida Provis&oacute;ria institu&iacute;da pelo &hellip; <a href=\"https:\/\/obscom.intervozes.org.br\/?p=19560\" class=\"more-link\">Continue lendo <span class=\"screen-reader-text\">Senadores criticam imediatismo na cria\u00e7\u00e3o da TV P\u00fablica<\/span> <span class=\"meta-nav\">&rarr;<\/span><\/a><\/p>\n","protected":false},"author":1,"featured_media":0,"comment_status":"open","ping_status":"open","sticky":false,"template":"","format":"standard","meta":{"footnotes":""},"categories":[40],"tags":[493],"_links":{"self":[{"href":"https:\/\/obscom.intervozes.org.br\/index.php?rest_route=\/wp\/v2\/posts\/19560"}],"collection":[{"href":"https:\/\/obscom.intervozes.org.br\/index.php?rest_route=\/wp\/v2\/posts"}],"about":[{"href":"https:\/\/obscom.intervozes.org.br\/index.php?rest_route=\/wp\/v2\/types\/post"}],"author":[{"embeddable":true,"href":"https:\/\/obscom.intervozes.org.br\/index.php?rest_route=\/wp\/v2\/users\/1"}],"replies":[{"embeddable":true,"href":"https:\/\/obscom.intervozes.org.br\/index.php?rest_route=%2Fwp%2Fv2%2Fcomments&post=19560"}],"version-history":[{"count":0,"href":"https:\/\/obscom.intervozes.org.br\/index.php?rest_route=\/wp\/v2\/posts\/19560\/revisions"}],"wp:attachment":[{"href":"https:\/\/obscom.intervozes.org.br\/index.php?rest_route=%2Fwp%2Fv2%2Fmedia&parent=19560"}],"wp:term":[{"taxonomy":"category","embeddable":true,"href":"https:\/\/obscom.intervozes.org.br\/index.php?rest_route=%2Fwp%2Fv2%2Fcategories&post=19560"},{"taxonomy":"post_tag","embeddable":true,"href":"https:\/\/obscom.intervozes.org.br\/index.php?rest_route=%2Fwp%2Fv2%2Ftags&post=19560"}],"curies":[{"name":"wp","href":"https:\/\/api.w.org\/{rel}","templated":true}]}}