{"id":19556,"date":"2007-10-23T15:06:51","date_gmt":"2007-10-23T15:06:51","guid":{"rendered":"https:\/\/obscom.intervozes.org.br\/wordpress\/?p=19556"},"modified":"2007-10-23T15:06:51","modified_gmt":"2007-10-23T15:06:51","slug":"camara-promove-seminario-sobre-radios-comunitarias-em-sao-paulo","status":"publish","type":"post","link":"https:\/\/obscom.intervozes.org.br\/?p=19556","title":{"rendered":"C\u00e2mara promove semin\u00e1rio sobre r\u00e1dios comunit\u00e1rias em S\u00e3o Paulo"},"content":{"rendered":"<p class=\"MsoNormal\">A Comiss&atilde;o de Ci&ecirc;ncia e Tecnologia, Comunica&ccedil;&atilde;o e Inform&aacute;tica da C&acirc;mara dos Deputados promove no pr&oacute;ximo dia 29 de outubro o semin&aacute;rio &ldquo;Situa&ccedil;&atilde;o da R&aacute;dios Comunit&aacute;rias em S&atilde;o Paulo&rdquo;. O evento, que conta com o apoio da Frente Parlamentar em Defesa das R&aacute;dios Comunit&aacute;rias no Estado de S&atilde;o Paulo da Assembl&eacute;ia Legislativa local, acontecer&aacute; na pr&oacute;pria ALESP. <\/p>\n<p>Participam do semin&aacute;rio a advogada Anna Cl&aacute;udia Vazzoler, do escrit&oacute;rio D. Paulo Evaristo Arns da PUC-SP, o deputado estadual Sim&atilde;o Pedro (PT), Jo&atilde;o Brant, coordenador do Intervozes &ndash; Coletivo Brasil de Comunica&ccedil;&atilde;o Social, S&eacute;rgio Gomes, da AMARC &ndash; Associa&ccedil;&atilde;o Mundial de R&aacute;dios Comunit&aacute;rias e o consultor em telecomunica&ccedil;&otilde;es Arlindo Jr., al&eacute;m de representantes do Minist&eacute;rio das Comunica&ccedil;&otilde;es e da Anatel &ndash; Ag&ecirc;ncia Nacional de Telecomunica&ccedil;&otilde;es. <\/p>\n<p>As inscri&ccedil;&otilde;es podem ser feitas pelo site <a href=\"http:\/\/www.camara.gov.br\/\">www.camara.gov.br<\/a> ou pelo telefone 0800-619 619.<\/p>\n","protected":false},"excerpt":{"rendered":"<p>A Comiss&atilde;o de Ci&ecirc;ncia e Tecnologia, Comunica&ccedil;&atilde;o e Inform&aacute;tica da C&acirc;mara dos Deputados promove no pr&oacute;ximo dia 29 de outubro o semin&aacute;rio &ldquo;Situa&ccedil;&atilde;o da R&aacute;dios Comunit&aacute;rias em S&atilde;o Paulo&rdquo;. O evento, que conta com o apoio da Frente Parlamentar em Defesa das R&aacute;dios Comunit&aacute;rias no Estado de S&atilde;o Paulo da Assembl&eacute;ia Legislativa local, acontecer&aacute; na &hellip; <a href=\"https:\/\/obscom.intervozes.org.br\/?p=19556\" class=\"more-link\">Continue lendo <span class=\"screen-reader-text\">C\u00e2mara promove semin\u00e1rio sobre r\u00e1dios comunit\u00e1rias em S\u00e3o Paulo<\/span> <span class=\"meta-nav\">&rarr;<\/span><\/a><\/p>\n","protected":false},"author":1,"featured_media":0,"comment_status":"open","ping_status":"open","sticky":false,"template":"","format":"standard","meta":{"footnotes":""},"categories":[39],"tags":[],"_links":{"self":[{"href":"https:\/\/obscom.intervozes.org.br\/index.php?rest_route=\/wp\/v2\/posts\/19556"}],"collection":[{"href":"https:\/\/obscom.intervozes.org.br\/index.php?rest_route=\/wp\/v2\/posts"}],"about":[{"href":"https:\/\/obscom.intervozes.org.br\/index.php?rest_route=\/wp\/v2\/types\/post"}],"author":[{"embeddable":true,"href":"https:\/\/obscom.intervozes.org.br\/index.php?rest_route=\/wp\/v2\/users\/1"}],"replies":[{"embeddable":true,"href":"https:\/\/obscom.intervozes.org.br\/index.php?rest_route=%2Fwp%2Fv2%2Fcomments&post=19556"}],"version-history":[{"count":0,"href":"https:\/\/obscom.intervozes.org.br\/index.php?rest_route=\/wp\/v2\/posts\/19556\/revisions"}],"wp:attachment":[{"href":"https:\/\/obscom.intervozes.org.br\/index.php?rest_route=%2Fwp%2Fv2%2Fmedia&parent=19556"}],"wp:term":[{"taxonomy":"category","embeddable":true,"href":"https:\/\/obscom.intervozes.org.br\/index.php?rest_route=%2Fwp%2Fv2%2Fcategories&post=19556"},{"taxonomy":"post_tag","embeddable":true,"href":"https:\/\/obscom.intervozes.org.br\/index.php?rest_route=%2Fwp%2Fv2%2Ftags&post=19556"}],"curies":[{"name":"wp","href":"https:\/\/api.w.org\/{rel}","templated":true}]}}