{"id":19543,"date":"2007-10-22T15:06:33","date_gmt":"2007-10-22T15:06:33","guid":{"rendered":"https:\/\/obscom.intervozes.org.br\/wordpress\/?p=19543"},"modified":"2007-10-22T15:06:33","modified_gmt":"2007-10-22T15:06:33","slug":"deputada-diz-que-falta-regulamentar-temas-relacionados-a-comunicacao","status":"publish","type":"post","link":"https:\/\/obscom.intervozes.org.br\/?p=19543","title":{"rendered":"Deputada diz que falta regulamentar temas relacionados \u00e0 comunica\u00e7\u00e3o"},"content":{"rendered":"<p style=\"margin: 0cm 0cm 0pt\" class=\"MsoNormal\"><span>Bras&iacute;lia &#8211; Na quarta edi&ccedil;&atilde;o do Dia Nacional Contra a Baixaria na TV, hoje (21), as emissoras p&uacute;blicas se uniram para promover um amplo debate sobre o papel da televis&atilde;o. O ponto mais discutido foi o das concess&otilde;es p&uacute;blicas e o fato de nunca serem cassadas.<\/p>\n<p><\/span><span>A deputada Maria do Carmo Lara (PT-MG) disse que o problema tem a ver com falta de legisla&ccedil;&atilde;o. Para ela, o setor de comunica&ccedil;&atilde;o foi o que menos avan&ccedil;ou desde a promulga&ccedil;&atilde;o da Constitui&ccedil;&atilde;o, em 1988. &quot;Foram feitas algumas emendas na lei, mas n&atilde;o foram regulamentadas&quot;, afirmou a deputada, integrante da Comiss&atilde;o de Ci&ecirc;ncia e Tecnologia.<\/p>\n<p><\/span><span>Para retirar uma concess&atilde;o p&uacute;blica a uma emissora, s&atilde;o necess&aacute;rios dois quintos de votos favor&aacute;veis do Congresso.<\/p>\n<p><\/span><span>O vice-presidente da Associa&ccedil;&atilde;o Brasileira de Radiodifus&atilde;o, Tecnologia e Telecomunica&ccedil;&otilde;es (Abratel), Marcelo Cordeiro, contou que dialoga freq&uuml;entemente com membros da Comiss&atilde;o de Ci&ecirc;ncia e Tecnologia, que trazem reclama&ccedil;&otilde;es referentes &agrave; programa&ccedil;&atilde;o. &quot;O que a comiss&atilde;o mais conversa conosco &eacute; sobre o conte&uacute;do, acho uma discuss&atilde;o importante e precisamos de uma lei para isso. Sem legisla&ccedil;&atilde;o, a gente n&atilde;o trabalha&quot;.<\/p>\n<p><\/span><span>Por outro lado, ele afirmou que a principal reivindica&ccedil;&atilde;o dos empres&aacute;rios do ramo refere-se &agrave; demora do governo em quest&otilde;es relativas &agrave;s concess&otilde;es. <\/p>\n<p><\/span><span>O professor C&eacute;sar Bola&ntilde;o, da Universidade de Sergipe, disse que a discuss&atilde;o sobre a TV p&uacute;blica no Brasil gera mobiliza&ccedil;&atilde;o em fun&ccedil;&atilde;o da problem&aacute;tica do servi&ccedil;o p&uacute;blico, da cobran&ccedil;a da sociedade por mudan&ccedil;as de atitude e postura na esfera p&uacute;blica. &quot;A TV p&uacute;blica est&aacute; no centro dessa mudan&ccedil;a&quot;.<\/p>\n<p><\/span><span>Al&eacute;m deles, tamb&eacute;m participou do debate o representante da Associa&ccedil;&atilde;o Brasileira das Emissoras P&uacute;blicas, Educativas e Culturais (Abepec), Israel do Vale.<\/p>\n<p><\/span><span>Depoimentos de representantes da sociedade civil contribu&iacute;ram com a discuss&atilde;o sobre o espa&ccedil;o dado aos diferentes grupos sociais, como negros, &iacute;ndios e homossexuais.<br \/><\/span><\/p>\n<p><span>De acordo com o artigo 221 da Constitui&ccedil;&atilde;o Federal, a programa&ccedil;&atilde;o de TV e r&aacute;dio deve promover a cultura nacional, as manifesta&ccedil;&otilde;es regionais, os valores &eacute;ticos, estimular a produ&ccedil;&atilde;o independente e ter finalidade educativa, art&iacute;stica, cultural e informativa.<\/span><\/p>\n","protected":false},"excerpt":{"rendered":"<p>Bras&iacute;lia &#8211; Na quarta edi&ccedil;&atilde;o do Dia Nacional Contra a Baixaria na TV, hoje (21), as emissoras p&uacute;blicas se uniram para promover um amplo debate sobre o papel da televis&atilde;o. O ponto mais discutido foi o das concess&otilde;es p&uacute;blicas e o fato de nunca serem cassadas. A deputada Maria do Carmo Lara (PT-MG) disse que &hellip; <a href=\"https:\/\/obscom.intervozes.org.br\/?p=19543\" class=\"more-link\">Continue lendo <span class=\"screen-reader-text\">Deputada diz que falta regulamentar temas relacionados \u00e0 comunica\u00e7\u00e3o<\/span> <span class=\"meta-nav\">&rarr;<\/span><\/a><\/p>\n","protected":false},"author":1,"featured_media":0,"comment_status":"open","ping_status":"open","sticky":false,"template":"","format":"standard","meta":{"footnotes":""},"categories":[40],"tags":[491],"_links":{"self":[{"href":"https:\/\/obscom.intervozes.org.br\/index.php?rest_route=\/wp\/v2\/posts\/19543"}],"collection":[{"href":"https:\/\/obscom.intervozes.org.br\/index.php?rest_route=\/wp\/v2\/posts"}],"about":[{"href":"https:\/\/obscom.intervozes.org.br\/index.php?rest_route=\/wp\/v2\/types\/post"}],"author":[{"embeddable":true,"href":"https:\/\/obscom.intervozes.org.br\/index.php?rest_route=\/wp\/v2\/users\/1"}],"replies":[{"embeddable":true,"href":"https:\/\/obscom.intervozes.org.br\/index.php?rest_route=%2Fwp%2Fv2%2Fcomments&post=19543"}],"version-history":[{"count":0,"href":"https:\/\/obscom.intervozes.org.br\/index.php?rest_route=\/wp\/v2\/posts\/19543\/revisions"}],"wp:attachment":[{"href":"https:\/\/obscom.intervozes.org.br\/index.php?rest_route=%2Fwp%2Fv2%2Fmedia&parent=19543"}],"wp:term":[{"taxonomy":"category","embeddable":true,"href":"https:\/\/obscom.intervozes.org.br\/index.php?rest_route=%2Fwp%2Fv2%2Fcategories&post=19543"},{"taxonomy":"post_tag","embeddable":true,"href":"https:\/\/obscom.intervozes.org.br\/index.php?rest_route=%2Fwp%2Fv2%2Ftags&post=19543"}],"curies":[{"name":"wp","href":"https:\/\/api.w.org\/{rel}","templated":true}]}}