{"id":19538,"date":"2007-10-22T11:59:31","date_gmt":"2007-10-22T11:59:31","guid":{"rendered":"https:\/\/obscom.intervozes.org.br\/wordpress\/?p=19538"},"modified":"2007-10-22T11:59:31","modified_gmt":"2007-10-22T11:59:31","slug":"lapcom-da-unb-lanca-livro-sobre-politicas-de-comunicacao","status":"publish","type":"post","link":"https:\/\/obscom.intervozes.org.br\/?p=19538","title":{"rendered":"LapCom, da UnB, lan\u00e7a livro sobre pol\u00edticas de comunica\u00e7\u00e3o"},"content":{"rendered":"<p align=\"justify\">O Laborat&oacute;rio de Pol&iacute;ticas de Comunica&ccedil;&atilde;o da Universidade de Bras&iacute;lia, LapCom\/UnB, convida para o lan&ccedil;amento do livro Pol&iacute;ticas de Comunica&ccedil;&atilde;o: buscas te&oacute;ricas e pr&aacute;ticas, no pr&oacute;ximo dia 24, quarta-feira, a partir das 19h, no restaurante Carpe Diem, em Bras&iacute;lia. <\/p>\n<p>S&atilde;o autores da obra : Murilo C&eacute;sar Ramos, Suzy Santos (orgs); &Eacute;rico da Silveira; C&eacute;sar Ricardo Bola&ntilde;o; Val&eacute;rio Brittos; Othon Jambeiro; Lara Haje; Regina Luna Santos de Souza; Fernando Oliveira Paulino; Francisco Sierra; Francisco Javier Moreno G&aacute;lvez; Ge&oacute;rgia Moraes; Samuel Possebon; Marcus A. Martins; Israel Bayma; Andr&eacute; Barbosa Filho; Cosette Castro; Sayonara Leal.<\/p>\n<p>Mais informa&ccedil;&otilde;es sobre o evento: Paulus em Bras&iacute;lia: (61) 3225-9847 e <a href=\"mailto:brasilia@paulus.%20com.br\" target=\"_blank\">brasilia@paulus. com.br<\/a>. <\/p>\n","protected":false},"excerpt":{"rendered":"<p>O Laborat&oacute;rio de Pol&iacute;ticas de Comunica&ccedil;&atilde;o da Universidade de Bras&iacute;lia, LapCom\/UnB, convida para o lan&ccedil;amento do livro Pol&iacute;ticas de Comunica&ccedil;&atilde;o: buscas te&oacute;ricas e pr&aacute;ticas, no pr&oacute;ximo dia 24, quarta-feira, a partir das 19h, no restaurante Carpe Diem, em Bras&iacute;lia. S&atilde;o autores da obra : Murilo C&eacute;sar Ramos, Suzy Santos (orgs); &Eacute;rico da Silveira; C&eacute;sar Ricardo &hellip; <a href=\"https:\/\/obscom.intervozes.org.br\/?p=19538\" class=\"more-link\">Continue lendo <span class=\"screen-reader-text\">LapCom, da UnB, lan\u00e7a livro sobre pol\u00edticas de comunica\u00e7\u00e3o<\/span> <span class=\"meta-nav\">&rarr;<\/span><\/a><\/p>\n","protected":false},"author":1,"featured_media":0,"comment_status":"open","ping_status":"open","sticky":false,"template":"","format":"standard","meta":{"footnotes":""},"categories":[39],"tags":[],"_links":{"self":[{"href":"https:\/\/obscom.intervozes.org.br\/index.php?rest_route=\/wp\/v2\/posts\/19538"}],"collection":[{"href":"https:\/\/obscom.intervozes.org.br\/index.php?rest_route=\/wp\/v2\/posts"}],"about":[{"href":"https:\/\/obscom.intervozes.org.br\/index.php?rest_route=\/wp\/v2\/types\/post"}],"author":[{"embeddable":true,"href":"https:\/\/obscom.intervozes.org.br\/index.php?rest_route=\/wp\/v2\/users\/1"}],"replies":[{"embeddable":true,"href":"https:\/\/obscom.intervozes.org.br\/index.php?rest_route=%2Fwp%2Fv2%2Fcomments&post=19538"}],"version-history":[{"count":0,"href":"https:\/\/obscom.intervozes.org.br\/index.php?rest_route=\/wp\/v2\/posts\/19538\/revisions"}],"wp:attachment":[{"href":"https:\/\/obscom.intervozes.org.br\/index.php?rest_route=%2Fwp%2Fv2%2Fmedia&parent=19538"}],"wp:term":[{"taxonomy":"category","embeddable":true,"href":"https:\/\/obscom.intervozes.org.br\/index.php?rest_route=%2Fwp%2Fv2%2Fcategories&post=19538"},{"taxonomy":"post_tag","embeddable":true,"href":"https:\/\/obscom.intervozes.org.br\/index.php?rest_route=%2Fwp%2Fv2%2Ftags&post=19538"}],"curies":[{"name":"wp","href":"https:\/\/api.w.org\/{rel}","templated":true}]}}