{"id":19531,"date":"2007-10-22T11:08:12","date_gmt":"2007-10-22T11:08:12","guid":{"rendered":"https:\/\/obscom.intervozes.org.br\/wordpress\/?p=19531"},"modified":"2007-10-22T11:08:12","modified_gmt":"2007-10-22T11:08:12","slug":"emissoras-agora-querem-mudar-fuso-horario-do-pais","status":"publish","type":"post","link":"https:\/\/obscom.intervozes.org.br\/?p=19531","title":{"rendered":"Emissoras agora querem mudar fuso hor\u00e1rio do pa\u00eds"},"content":{"rendered":"<p><span>Ainda inconformados com a necess&aacute;ria adapta&ccedil;&atilde;o da programa&ccedil;&atilde;o aos diferentes fusos hor&aacute;rios, medida complementar &agrave; Classifica&ccedil;&atilde;o Indicativa de programas de TV, empres&aacute;rios do setor agora apostam na revoga&ccedil;&atilde;o da geografia do pa&iacute;s. Representantes das emissoras t&ecirc;m procurado parlamentares das duas casas no Congresso para propor a sincroniza&ccedil;&atilde;o dos rel&oacute;gios de todo o pa&iacute;s ao hor&aacute;rio de Bras&iacute;lia. Desta forma, pretendem contornar o dispositivo da Portaria 1.220\/07 que determina que a vincula&ccedil;&atilde;o entre as diferentes categorias de classifica&ccedil;&atilde;o e hora de exibi&ccedil;&atilde;o respeite os diferentes hor&aacute;rios vigentes no pa&iacute;s.<\/p>\n<p><\/span><span>Desde 1913, o Brasil &eacute; oficialmente dividido em quatro fusos hor&aacute;rios. Al&eacute;m da hora de Bras&iacute;lia, h&aacute; um hor&aacute;rio diferenciado para as ilhas oce&acirc;nicas (+1 hora em rela&ccedil;&atilde;o &agrave; Bras&iacute;lia), um para a maior parte da regi&atilde;o Norte e Centro-Oeste (- 1 hora) e outro para o Acre e a parte mais &agrave; oeste do Amazonas (- 2 horas). A divis&atilde;o, que tamb&eacute;m&nbsp;acontece nos EUA, existe&nbsp;conta da extens&atilde;o territorial do pa&iacute;s, adaptando a divis&atilde;o pol&iacute;tica interna do pa&iacute;s ao hor&aacute;rio estabelecido pelos padr&otilde;es internacionais.<\/p>\n<p><\/span><span>J&aacute; a vincula&ccedil;&atilde;o de hor&aacute;rio &agrave; classifica&ccedil;&atilde;o indicativa passa a valer a partir de 9 de janeiro. Nesta data, vencem os seis meses de prazo de adequa&ccedil;&atilde;o concedido pela Portaria 1.220 do Minist&eacute;rio da Justi&ccedil;a para que as emissoras de TV das regi&otilde;es Norte e Centro-Oeste passem a considerar o hor&aacute;rio local para transmitir programas classificados (filmes, novelas e outros programas gravados). Hoje, na maior parte das duas regi&otilde;es, uma novela classificada como pr&oacute;pria para maiores de 14 anos, que s&oacute; deve ir ao ar a partir das 21h, &eacute; transmitida &agrave;s 20h. No Acre e na por&ccedil;&atilde;o mais oeste do Amazonas, &agrave;s 19h. Com o hor&aacute;rio de ver&atilde;o, a diferen&ccedil;a de hor&aacute;rio aumenta ainda mais.<\/p>\n<p><\/span><span>O empresariado da radiodifus&atilde;o afirma, no entanto, que esta adapta&ccedil;&atilde;o &eacute; imposs&iacute;vel porque acarretaria perdas muito grandes no faturamento das emissoras regionais. Como a tese por tr&aacute;s da portaria &ndash; evitar que crian&ccedil;as e adolescentes destas regi&otilde;es fossem prejudicados em seus direitos &ndash; dificilmente ser&aacute; contestada publicamente, os radiodifusores viram na unifica&ccedil;&atilde;o dos fusos hor&aacute;rios a chance de burlar o dispositivo legal.<\/p>\n<p><\/span><span>Para isso, os empres&aacute;rios, nas palavras do pr&oacute;prio presidente do Sindicato das Emissoras de R&aacute;dio e TV do Amazonas (Sinderpam), Rui Alencar, tentaram &ldquo;pegar uma carona&rdquo; em projeto do senador Ti&atilde;o Viana (PT-AC) que j&aacute; tramitava no Congresso. <\/p>\n<p><\/span><span><strong>Projeto inicial<\/p>\n<p><\/strong><\/span><span>A proposta original do senador, apresentada em novembro de 2006, era extinguir o fuso hor&aacute;rio do Acre e de parte do estado do Amazonas, acertando os ponteiros do estado com o restante da regi&atilde;o Norte.<\/p>\n<p><\/span><span>Como o projeto j&aacute; havia sido aprovado em primeira vota&ccedil;&atilde;o no Senado, as aten&ccedil;&otilde;es do empresariado voltaram-se para a C&acirc;mara, onde o projeto est&aacute; para ser apreciado pelas comiss&otilde;es competentes. &ldquo;O senador nos disse que n&atilde;o se oporia a mudan&ccedil;as propostas na C&acirc;mara&rdquo;, contou Alencar, que &eacute; diretor-executivo da TV A Cr&iacute;tica, afiliada da Rede Record no Amazonas.<\/p>\n<p><\/span><span>Ti&atilde;o Viana, que assumiu interinamente a Presid&ecirc;ncia do Senado, n&atilde;o respondeu &agrave; solicita&ccedil;&atilde;o de entrevista sobre o tema, mas sua assessoria confirma que Viana foi procurado por empres&aacute;rios do setor de comunica&ccedil;&atilde;o para conversar sobre o assunto.<\/p>\n<p><\/span><span>Em seu blog, o senador comenta a sugest&atilde;o dos empres&aacute;rios. J&aacute; admitindo que estaria &ldquo;acertado que a pr&oacute;pria C&acirc;mara dos Deputados far&aacute; um substitutivo ao seu projeto de lei, propondo a unifica&ccedil;&atilde;o dos quatro fusos hor&aacute;rios do Brasil&rdquo;, Viana afirma que &ldquo;o hor&aacute;rio &eacute; que deve se adaptar &agrave;s pessoas e n&atilde;o as pessoas ao hor&aacute;rio&rdquo;. O texto ainda registra que o senador mostrou-se &ldquo;totalmente favor&aacute;vel &agrave; proposta&rdquo;.<\/p>\n<p><\/span><strong><span>Sem substitutivo<\/p>\n<p><\/span><\/strong><span>Na C&acirc;mara, por&eacute;m, o substitutivo ainda n&atilde;o apareceu. A relatora do parecer sobre o projeto na Comiss&atilde;o de Ci&ecirc;ncia e Tecnologia, Comunica&ccedil;&atilde;o e Informa&ccedil;&atilde;o (CCTCI), Rebecca Garcia (PP-AM), entregou seu relat&oacute;rio no fim da &uacute;ltima semana apenas com voto favor&aacute;vel &agrave; proposta original do senador Ti&atilde;o Viana.<\/p>\n<p><\/span><span>Questionada sobre as raz&otilde;es para n&atilde;o apresentar a proposta de unifica&ccedil;&atilde;o total do hor&aacute;rio brasileiro, a deputada federal do Amazonas afirmou que fez a op&ccedil;&atilde;o baseada nas informa&ccedil;&otilde;es de ordem t&eacute;cnica recebidas do Observat&oacute;rio Nacional e do Minist&eacute;rio de Minas e Energia. &ldquo;A adapta&ccedil;&atilde;o do fuso do Acre ao do resto da Amaz&ocirc;nia, segundo nos informou o Observat&oacute;rio Nacional, significaria para o organismo um impacto equivalente a 17 minutos. Mas 1 hora e 17 minutos j&aacute; &eacute; muita coisa&rdquo;, justificou a deputada, referindo-se ao que poderia ser o novo hor&aacute;rio do Acre.<\/p>\n<p><\/span><span>Membro da fam&iacute;lia que controla a TV Rio Negro, afiliada &agrave; Rede Bandeirantes, e o jornal Estado do Amazonas, Rebecca &eacute; tamb&eacute;m pr&eacute;-candidata &agrave; Prefeitura de Manaus. <\/p>\n<p><\/span><span>Sua decis&atilde;o surpreendeu o presidente do Sinderpam, Rui Alencar. Informado por este Observat&oacute;rio do voto da deputada, Alencar disse que a deputada &ldquo;estava disposta e propensa&rdquo; a apresentar o substitutivo. &ldquo;O pr&oacute;prio presidente da C&acirc;mara (Arlindo Chinaglia, do PT-SP) j&aacute; tinha conhecimento disso e tinha dito que iria conversar com as lideran&ccedil;as para acelerar a tramita&ccedil;&atilde;o&rdquo;, comentou.<\/p>\n<p><\/span><span><strong>Outras vias<\/p>\n<p><\/strong><\/span><\/p>\n<p style=\"margin: 0cm 0cm 0pt\" class=\"MsoNormal\"><span>Por&eacute;m, a deputada Rebecca, n&atilde;o exclui a possibilidade de outro colega apresentar a proposta. A pr&oacute;pria parlamentar e radiodifusora lembra que a Comiss&atilde;o de Amaz&ocirc;nia, Integra&ccedil;&atilde;o Nacional e de Desenvolvimento Regional j&aacute; realizou audi&ecirc;ncia sobre o tema da Classifica&ccedil;&atilde;o Indicativa e seus impactos para a regi&atilde;o.<\/p>\n<p><\/span><span>&ldquo;Qual a preocupa&ccedil;&atilde;o verdadeira da regi&atilde;o: o atraso da informa&ccedil;&atilde;o. Se eu s&oacute; vou assistir o jornal uma hora depois, tenho uma hora de atraso na informa&ccedil;&atilde;o&rdquo;, disse Rebecca, fazendo refer&ecirc;ncia ao que teria sido o resultado da audi&ecirc;ncia.<\/p>\n<p><\/span><span>O coment&aacute;rio refor&ccedil;a a tese defendida por Rui Alencar, do Sinderpam: &ldquo;Num mundo em que se vive em tempo real, n&oacute;s ter&iacute;amos de voltar ao tempo da grava&ccedil;&atilde;o em fita para transmiss&atilde;o uma hora mais tarde.&rdquo; Segundo Alencar, o custo desta grava&ccedil;&atilde;o seria alto demais para boa parte das emissoras da regi&atilde;o amaz&ocirc;nica.<\/p>\n<p><\/span><span>O arrazoado do diretor-executivo da TV A Cr&iacute;tica e da deputada, entretanto, desconsidera que programas ao vivo, esportivos e de cunho jornal&iacute;stico n&atilde;o est&atilde;o sujeitos &agrave; classifica&ccedil;&atilde;o indicativa e, portanto, n&atilde;o precisam ter sua veicula&ccedil;&atilde;o adaptada ao hor&aacute;rio local.<\/p>\n<p><\/span><span>Ainda assim, argumentos semelhantes multiplicam-se entre parlamentares das duas Casas do Congresso. O senador Expedito J&uacute;nior (PR-RO) acredita que a TV aberta sair&aacute; perdendo em seu estado com a entrada em vigor da totalidade da Portaria 1.220\/07. &ldquo;Considero injusta esta portaria, porque ela beneficia a TV a cabo. A publicidade vai se transferir para a TV por assinatura junto com a audi&ecirc;ncia no caso dos eventos transmitidos ao vivo, como os jogos de futebol&rdquo;, disse o senador.<\/p>\n<p><\/span><span>Expedito J&uacute;nior &eacute; autor de requerimento de realiza&ccedil;&atilde;o de audi&ecirc;ncia p&uacute;blica na CCTCI do Senado para rediscutir a vincula&ccedil;&atilde;o da classifica&ccedil;&atilde;o &agrave; faixa de hor&aacute;rio local. O pedido foi aprovado, mas n&atilde;o h&aacute; data prevista para realiza&ccedil;&atilde;o da audi&ecirc;ncia.<\/p>\n<p><\/span><span>A assessoria do senador explicou que o requerimento se baseava apenas na possibilidade de revis&atilde;o do teor da portaria, ou seja, na revoga&ccedil;&atilde;o do par&aacute;grafo &uacute;nico do artigo 19 da portaria, que cita a necessidade de respeito ao fuso. No entanto, por solicita&ccedil;&atilde;o de outros senadores, o tema da unifica&ccedil;&atilde;o do hor&aacute;rio nacional dever&aacute; ser inclu&iacute;do na pauta da reuni&atilde;o.<\/span><\/p>\n","protected":false},"excerpt":{"rendered":"<p>Representantes de emissoras, especialmente da Regi\u00e3o Norte, tentam convencer parlamentares a apresentar projeto para unificar os fusos hor\u00e1rios do Brasil e evitar necessidade de adapta\u00e7\u00e3o da programa\u00e7\u00e3o.<\/p>\n","protected":false},"author":1,"featured_media":0,"comment_status":"open","ping_status":"open","sticky":false,"template":"","format":"standard","meta":{"footnotes":""},"categories":[40],"tags":[111],"_links":{"self":[{"href":"https:\/\/obscom.intervozes.org.br\/index.php?rest_route=\/wp\/v2\/posts\/19531"}],"collection":[{"href":"https:\/\/obscom.intervozes.org.br\/index.php?rest_route=\/wp\/v2\/posts"}],"about":[{"href":"https:\/\/obscom.intervozes.org.br\/index.php?rest_route=\/wp\/v2\/types\/post"}],"author":[{"embeddable":true,"href":"https:\/\/obscom.intervozes.org.br\/index.php?rest_route=\/wp\/v2\/users\/1"}],"replies":[{"embeddable":true,"href":"https:\/\/obscom.intervozes.org.br\/index.php?rest_route=%2Fwp%2Fv2%2Fcomments&post=19531"}],"version-history":[{"count":0,"href":"https:\/\/obscom.intervozes.org.br\/index.php?rest_route=\/wp\/v2\/posts\/19531\/revisions"}],"wp:attachment":[{"href":"https:\/\/obscom.intervozes.org.br\/index.php?rest_route=%2Fwp%2Fv2%2Fmedia&parent=19531"}],"wp:term":[{"taxonomy":"category","embeddable":true,"href":"https:\/\/obscom.intervozes.org.br\/index.php?rest_route=%2Fwp%2Fv2%2Fcategories&post=19531"},{"taxonomy":"post_tag","embeddable":true,"href":"https:\/\/obscom.intervozes.org.br\/index.php?rest_route=%2Fwp%2Fv2%2Ftags&post=19531"}],"curies":[{"name":"wp","href":"https:\/\/api.w.org\/{rel}","templated":true}]}}