{"id":19517,"date":"2007-10-18T12:56:52","date_gmt":"2007-10-18T12:56:52","guid":{"rendered":"https:\/\/obscom.intervozes.org.br\/wordpress\/?p=19517"},"modified":"2007-10-18T12:56:52","modified_gmt":"2007-10-18T12:56:52","slug":"governo-paralisa-distribuicao-de-concessoes-educativas","status":"publish","type":"post","link":"https:\/\/obscom.intervozes.org.br\/?p=19517","title":{"rendered":"Governo paralisa distribui\u00e7\u00e3o de concess\u00f5es educativas"},"content":{"rendered":"<p><em>Publicado originalmente na Folha de S. Paulo, em 18\/10.<\/em>&nbsp;<\/p>\n<p>O governo federal praticamente suspendeu a distribui&ccedil;&atilde;o de concess&otilde;es de TVs educativas, que funcionam como moeda pol&iacute;tica. A suspens&atilde;o s&oacute; n&atilde;o foi total porque nos &uacute;ltimos anos foram concedidas &quot;tr&ecirc;s ou quatro&quot; TVs para universidades p&uacute;blicas, segundo o Minist&eacute;rio das Comunica&ccedil;&otilde;es.<\/p>\n<p>H&aacute; dezenas de pedidos de canais educativos parados no minist&eacute;rio. Quase todos t&ecirc;m a intermedia&ccedil;&atilde;o de algum pol&iacute;tico. Esses canais, embora de baixa pot&ecirc;ncia, s&atilde;o muito visados porque interpreta-se que n&atilde;o precisam de concorr&ecirc;ncia p&uacute;blica e s&atilde;o distribu&iacute;dos gratuitamente _ao contr&aacute;rio das TVs comerciais. H&aacute; centenas deles em opera&ccedil;&atilde;o pelo pa&iacute;s, outorgados a funda&ccedil;&otilde;es nem sempre educativas, com programa&ccedil;&otilde;es muito pouco educativas.<\/p>\n<p>O governo paralisou a distribui&ccedil;&atilde;o porque h&aacute; pelo menos duas decis&otilde;es judiciais contr&aacute;rias. Na semana passada, a ju&iacute;za federal Denise Avelar, de Araraquara (SP), determinou em senten&ccedil;a a cassa&ccedil;&atilde;o do canal 17 local, outorgado em 2002 &agrave; Funda&ccedil;&atilde;o Educativa e Cultural Julius August Marischen.<\/p>\n<p>Para a ju&iacute;za, canais de TV, inclusive educativos, s&oacute; podem ser outorgados por meio de licita&ccedil;&atilde;o, como prev&ecirc; o artigo 175 da Constitui&ccedil;&atilde;o. Mas, apesar dessa norma constitucional, o governo vinha se amparando no decreto 236\/67, segundo o qual &quot;a outorga de canais para televis&atilde;o educativa n&atilde;o depender&aacute; de publica&ccedil;&atilde;o de edital&quot;.<\/p>\n<p>Enquanto isso, no &quot;Di&aacute;rio Oficial&quot; de ontem, o ministro H&eacute;lio Costa abriu consulta p&uacute;blica para a distribui&ccedil;&atilde;o, em v&aacute;rios Estados, de seis retransmissoras de TV que n&atilde;o podem gerar programa&ccedil;&atilde;o nem comerciais, apenas reproduzir. Ser&atilde;o concedidas a TVs comerciais, de gra&ccedil;a. <\/p>\n","protected":false},"excerpt":{"rendered":"<p>Publicado originalmente na Folha de S. Paulo, em 18\/10.&nbsp; O governo federal praticamente suspendeu a distribui&ccedil;&atilde;o de concess&otilde;es de TVs educativas, que funcionam como moeda pol&iacute;tica. A suspens&atilde;o s&oacute; n&atilde;o foi total porque nos &uacute;ltimos anos foram concedidas &quot;tr&ecirc;s ou quatro&quot; TVs para universidades p&uacute;blicas, segundo o Minist&eacute;rio das Comunica&ccedil;&otilde;es. H&aacute; dezenas de pedidos de &hellip; <a href=\"https:\/\/obscom.intervozes.org.br\/?p=19517\" class=\"more-link\">Continue lendo <span class=\"screen-reader-text\">Governo paralisa distribui\u00e7\u00e3o de concess\u00f5es educativas<\/span> <span class=\"meta-nav\">&rarr;<\/span><\/a><\/p>\n","protected":false},"author":1,"featured_media":0,"comment_status":"open","ping_status":"open","sticky":false,"template":"","format":"standard","meta":{"footnotes":""},"categories":[39],"tags":[],"_links":{"self":[{"href":"https:\/\/obscom.intervozes.org.br\/index.php?rest_route=\/wp\/v2\/posts\/19517"}],"collection":[{"href":"https:\/\/obscom.intervozes.org.br\/index.php?rest_route=\/wp\/v2\/posts"}],"about":[{"href":"https:\/\/obscom.intervozes.org.br\/index.php?rest_route=\/wp\/v2\/types\/post"}],"author":[{"embeddable":true,"href":"https:\/\/obscom.intervozes.org.br\/index.php?rest_route=\/wp\/v2\/users\/1"}],"replies":[{"embeddable":true,"href":"https:\/\/obscom.intervozes.org.br\/index.php?rest_route=%2Fwp%2Fv2%2Fcomments&post=19517"}],"version-history":[{"count":0,"href":"https:\/\/obscom.intervozes.org.br\/index.php?rest_route=\/wp\/v2\/posts\/19517\/revisions"}],"wp:attachment":[{"href":"https:\/\/obscom.intervozes.org.br\/index.php?rest_route=%2Fwp%2Fv2%2Fmedia&parent=19517"}],"wp:term":[{"taxonomy":"category","embeddable":true,"href":"https:\/\/obscom.intervozes.org.br\/index.php?rest_route=%2Fwp%2Fv2%2Fcategories&post=19517"},{"taxonomy":"post_tag","embeddable":true,"href":"https:\/\/obscom.intervozes.org.br\/index.php?rest_route=%2Fwp%2Fv2%2Ftags&post=19517"}],"curies":[{"name":"wp","href":"https:\/\/api.w.org\/{rel}","templated":true}]}}