{"id":19516,"date":"2007-10-18T12:43:47","date_gmt":"2007-10-18T12:43:47","guid":{"rendered":"https:\/\/obscom.intervozes.org.br\/wordpress\/?p=19516"},"modified":"2007-10-18T12:43:47","modified_gmt":"2007-10-18T12:43:47","slug":"dia-nacional-contra-a-baixaria-na-tv-vai-discutir-concessoes-de-radio-e-televisao","status":"publish","type":"post","link":"https:\/\/obscom.intervozes.org.br\/?p=19516","title":{"rendered":"Dia Nacional Contra a Baixaria na TV vai discutir concess\u00f5es de r\u00e1dio e televis\u00e3o"},"content":{"rendered":"<p><span>No pr&oacute;ximo domingo, dia 21 de outubro, a Comiss&atilde;o de Direitos Humanos e Minorias da C&acirc;mara dos Deputados e as mais de 60 entidades parceiras da Campanha Quem Financia a Baixaria &eacute; Contra a Cidadania promovem a 4&ordm; edi&ccedil;&atilde;o do Dia Nacional Contra a Baixaria na TV.<\/p>\n<p><\/span><span>Durante o dia, haver&aacute; a transmiss&atilde;o do programa Ver TV, especialmente gravado para a ocasi&atilde;o. O programa ser&aacute; transmitido por diversas emissoras do campo p&uacute;blico de televis&atilde;o (TV Nacional, TV C&acirc;mara, NBR, TVs universit&aacute;rias, legislativas e comunit&aacute;rias) e contar&aacute; com a presen&ccedil;a da deputada federal Maria do Carmo Lara (PT-MG), do professor da Universidade Federal de Sergipe, C&eacute;sar Bola&ntilde;o, e do vice-presidente de programa&ccedil;&atilde;o da Abepec &#8211; Associa&ccedil;&atilde;o Brasileira de Emissoras P&uacute;blicas e Educativas, Paulo Roberto Vieira Ribeiro. O programa, que &aacute; apresentado pelo professor da USP Laurindo Leal Filho, ir&aacute; ao ar das 13 &agrave;s 14h, hor&aacute;rio de Bras&iacute;lia.<\/p>\n<p><\/span><span>Este ano, o tema do Dia Nacional Contra a Baixaria na TV &eacute; a renova&ccedil;&atilde;o das concess&otilde;es de r&aacute;dio e TV. Segundo os membros da campanha, que tamb&eacute;m &eacute; conhecida por &ldquo;Campanha pela &Eacute;tica na TV&rdquo;, a programa&ccedil;&atilde;o especial tem o objetivo de conscientizar a popula&ccedil;&atilde;o para a necessidade de lutar por uma televis&atilde;o mais comprometida com a &eacute;tica, a qualidade e a diversidade. <\/p>\n<p>&ldquo;Queremos alertar a popula&ccedil;&atilde;o para que fique atenta aos processos de outorga e renova&ccedil;&atilde;o das concess&otilde;es p&uacute;blicas de r&aacute;dio e televis&atilde;o&rdquo;, afirma Edgar Rebou&ccedil;as, professor da Universidade Federal de Pernambuco e membro da coordena&ccedil;&atilde;o nacional da campanha. &ldquo;Historicamente as decis&otilde;es t&ecirc;m sido de ordem pol&iacute;tica, na maioria dos casos, favorecendo a familiares e amigos de deputados, senadores, prefeitos, governadores e at&eacute; de presidentes da Rep&uacute;blica, quando n&atilde;o a si pr&oacute;prios&rdquo; afirma Rebou&ccedil;as.<\/p>\n<p><\/span><span>Nesse sentido, a campanha defende que o principal crit&eacute;rio para as outorgas e renova&ccedil;&otilde;es das concess&otilde;es p&uacute;blicas seja o oferecimento, pelos concession&aacute;rios, de uma programa&ccedil;&atilde;o educativa, art&iacute;stica, cultural e informativa (exatamente os princ&iacute;pios estabelecidos pela Constitui&ccedil;&atilde;o Federal), al&eacute;m da promo&ccedil;&atilde;o a cultura nacional e regional e do est&iacute;mulo &agrave; produ&ccedil;&atilde;o independente. Entretanto, nenhum destes princ&iacute;pios &eacute; levado em considera&ccedil;&atilde;o no momento da renova&ccedil;&atilde;o das concess&otilde;es. &ldquo;O que a campanha exige &eacute; que o crit&eacute;rio para as outorgas e renova&ccedil;&otilde;es das concess&otilde;es p&uacute;blicas seja&nbsp;a&nbsp;oferta de uma programa&ccedil;&atilde;o que respeite os direitos humanos e&nbsp;os valores&nbsp;&eacute;ticos da sociedade&rdquo;, conclui o professor.<\/span><\/p>\n","protected":false},"excerpt":{"rendered":"<p>Comiss\u00e3o de Direitos Humanos da C\u00e2mara dos Deputados e Campanha pela \u00c9tica na TV promovem a 4\u00ba edi\u00e7\u00e3o do Dia Nacional Contra a Baixaria na TV. Tema deste ano \u00e9 a renova\u00e7\u00e3o das concess\u00f5es de televis\u00e3o.<\/p>\n","protected":false},"author":1,"featured_media":0,"comment_status":"open","ping_status":"open","sticky":false,"template":"","format":"standard","meta":{"footnotes":""},"categories":[40],"tags":[484],"_links":{"self":[{"href":"https:\/\/obscom.intervozes.org.br\/index.php?rest_route=\/wp\/v2\/posts\/19516"}],"collection":[{"href":"https:\/\/obscom.intervozes.org.br\/index.php?rest_route=\/wp\/v2\/posts"}],"about":[{"href":"https:\/\/obscom.intervozes.org.br\/index.php?rest_route=\/wp\/v2\/types\/post"}],"author":[{"embeddable":true,"href":"https:\/\/obscom.intervozes.org.br\/index.php?rest_route=\/wp\/v2\/users\/1"}],"replies":[{"embeddable":true,"href":"https:\/\/obscom.intervozes.org.br\/index.php?rest_route=%2Fwp%2Fv2%2Fcomments&post=19516"}],"version-history":[{"count":0,"href":"https:\/\/obscom.intervozes.org.br\/index.php?rest_route=\/wp\/v2\/posts\/19516\/revisions"}],"wp:attachment":[{"href":"https:\/\/obscom.intervozes.org.br\/index.php?rest_route=%2Fwp%2Fv2%2Fmedia&parent=19516"}],"wp:term":[{"taxonomy":"category","embeddable":true,"href":"https:\/\/obscom.intervozes.org.br\/index.php?rest_route=%2Fwp%2Fv2%2Fcategories&post=19516"},{"taxonomy":"post_tag","embeddable":true,"href":"https:\/\/obscom.intervozes.org.br\/index.php?rest_route=%2Fwp%2Fv2%2Ftags&post=19516"}],"curies":[{"name":"wp","href":"https:\/\/api.w.org\/{rel}","templated":true}]}}