{"id":19515,"date":"2007-10-17T20:49:46","date_gmt":"2007-10-17T20:49:46","guid":{"rendered":"https:\/\/obscom.intervozes.org.br\/wordpress\/?p=19515"},"modified":"2007-10-17T20:49:46","modified_gmt":"2007-10-17T20:49:46","slug":"ministro-da-saude-quer-espaco-na-tv-para-a-saude","status":"publish","type":"post","link":"https:\/\/obscom.intervozes.org.br\/?p=19515","title":{"rendered":"Ministro da Sa\u00fade quer espa\u00e7o na TV para a sa\u00fade"},"content":{"rendered":"<p><font class=\"not\"><!-- ### inicio_texto -->O ministro da Sa&uacute;de, Jos&eacute; Gomes Tempor&atilde;o, defendeu ontem (16\/10)&nbsp;que nas discuss&otilde;es sobre renova&ccedil;&otilde;es das concess&otilde;es de canais de TVs, as emissoras sejam obrigadas a abrir espa&ccedil;o gratuito em hor&aacute;rio nobre para a divulga&ccedil;&atilde;o de informa&ccedil;&otilde;es que o governo &ldquo;considere relevante do ponto de vista da sa&uacute;de p&uacute;blica&rdquo;. <\/font><\/p>\n<p>A informa&ccedil;&atilde;o &eacute; do jornal O Estado de S. Paulo.<\/p>\n","protected":false},"excerpt":{"rendered":"<p>O ministro da Sa&uacute;de, Jos&eacute; Gomes Tempor&atilde;o, defendeu ontem (16\/10)&nbsp;que nas discuss&otilde;es sobre renova&ccedil;&otilde;es das concess&otilde;es de canais de TVs, as emissoras sejam obrigadas a abrir espa&ccedil;o gratuito em hor&aacute;rio nobre para a divulga&ccedil;&atilde;o de informa&ccedil;&otilde;es que o governo &ldquo;considere relevante do ponto de vista da sa&uacute;de p&uacute;blica&rdquo;. A informa&ccedil;&atilde;o &eacute; do jornal O Estado &hellip; <a href=\"https:\/\/obscom.intervozes.org.br\/?p=19515\" class=\"more-link\">Continue lendo <span class=\"screen-reader-text\">Ministro da Sa\u00fade quer espa\u00e7o na TV para a sa\u00fade<\/span> <span class=\"meta-nav\">&rarr;<\/span><\/a><\/p>\n","protected":false},"author":1,"featured_media":0,"comment_status":"open","ping_status":"open","sticky":false,"template":"","format":"standard","meta":{"footnotes":""},"categories":[39],"tags":[],"_links":{"self":[{"href":"https:\/\/obscom.intervozes.org.br\/index.php?rest_route=\/wp\/v2\/posts\/19515"}],"collection":[{"href":"https:\/\/obscom.intervozes.org.br\/index.php?rest_route=\/wp\/v2\/posts"}],"about":[{"href":"https:\/\/obscom.intervozes.org.br\/index.php?rest_route=\/wp\/v2\/types\/post"}],"author":[{"embeddable":true,"href":"https:\/\/obscom.intervozes.org.br\/index.php?rest_route=\/wp\/v2\/users\/1"}],"replies":[{"embeddable":true,"href":"https:\/\/obscom.intervozes.org.br\/index.php?rest_route=%2Fwp%2Fv2%2Fcomments&post=19515"}],"version-history":[{"count":0,"href":"https:\/\/obscom.intervozes.org.br\/index.php?rest_route=\/wp\/v2\/posts\/19515\/revisions"}],"wp:attachment":[{"href":"https:\/\/obscom.intervozes.org.br\/index.php?rest_route=%2Fwp%2Fv2%2Fmedia&parent=19515"}],"wp:term":[{"taxonomy":"category","embeddable":true,"href":"https:\/\/obscom.intervozes.org.br\/index.php?rest_route=%2Fwp%2Fv2%2Fcategories&post=19515"},{"taxonomy":"post_tag","embeddable":true,"href":"https:\/\/obscom.intervozes.org.br\/index.php?rest_route=%2Fwp%2Fv2%2Ftags&post=19515"}],"curies":[{"name":"wp","href":"https:\/\/api.w.org\/{rel}","templated":true}]}}