{"id":19512,"date":"2007-10-17T19:35:33","date_gmt":"2007-10-17T19:35:33","guid":{"rendered":"https:\/\/obscom.intervozes.org.br\/wordpress\/?p=19512"},"modified":"2007-10-17T19:35:33","modified_gmt":"2007-10-17T19:35:33","slug":"aperipe-tv-de-sergipe-e-a-primeira-emissora-a-aderir-a-tv-brasil","status":"publish","type":"post","link":"https:\/\/obscom.intervozes.org.br\/?p=19512","title":{"rendered":"Aperip\u00ea TV, de Sergipe, \u00e9 a primeira emissora a aderir \u00e0 TV Brasil"},"content":{"rendered":"<p style=\"margin: 0cm 0cm 0pt\" class=\"MsoNormal\"><span>A Aperip&ecirc; TV, emissora ligada ao governo do&nbsp;estado de Sergipe,&nbsp;ir&aacute; assinar no pr&oacute;ximo dia 25 a ades&atilde;o &agrave; TV Brasil. Ela ser&aacute; a primeira emissora a aderir a rede p&uacute;blica brasileira. Na &uacute;ltima quinta-feira, 11, de uma reuni&atilde;o em Bras&iacute;lia com a diretora-presidente e o diretor-geral da TV Brasil, Tereza Cruvinel e Orlando Sena, para tratar da ades&atilde;o da Aperip&ecirc; TV &agrave; nova rede p&uacute;blica de televis&atilde;o.<\/p>\n<p><\/span><\/p>\n<p><span>A Aperip&ecirc; TV &eacute; a primeira emissora a aderir de forma plena, e essa uni&atilde;o envolve condi&ccedil;&otilde;es de reestrutura&ccedil;&atilde;o na gest&atilde;o, garantia de recursos no or&ccedil;amento do Estado e liberdade editorial na programa&ccedil;&atilde;o. O ato de assinatura do termo de ades&atilde;o ser&aacute; realizado na abertura do Semin&aacute;rio de Programa&ccedil;&atilde;o para TV P&uacute;blica, provovido pela pr&oacute;pria TV Aperir&ecirc;. Devem esta presentes &agrave; solenidade o governador do Estado, Marcelo D&eacute;da, o ministro-chefe da Secretaria de Comunica&ccedil;&atilde;o Social do Governo Federal, Franklin Martins, e a diretora-presidente da TV Brasil, Tereza Cruvinel.<span><\/span><\/span><\/p>\n","protected":false},"excerpt":{"rendered":"<p>A Aperip&ecirc; TV, emissora ligada ao governo do&nbsp;estado de Sergipe,&nbsp;ir&aacute; assinar no pr&oacute;ximo dia 25 a ades&atilde;o &agrave; TV Brasil. Ela ser&aacute; a primeira emissora a aderir a rede p&uacute;blica brasileira. Na &uacute;ltima quinta-feira, 11, de uma reuni&atilde;o em Bras&iacute;lia com a diretora-presidente e o diretor-geral da TV Brasil, Tereza Cruvinel e Orlando Sena, para &hellip; <a href=\"https:\/\/obscom.intervozes.org.br\/?p=19512\" class=\"more-link\">Continue lendo <span class=\"screen-reader-text\">Aperip\u00ea TV, de Sergipe, \u00e9 a primeira emissora a aderir \u00e0 TV Brasil<\/span> <span class=\"meta-nav\">&rarr;<\/span><\/a><\/p>\n","protected":false},"author":1,"featured_media":0,"comment_status":"open","ping_status":"open","sticky":false,"template":"","format":"standard","meta":{"footnotes":""},"categories":[39],"tags":[],"_links":{"self":[{"href":"https:\/\/obscom.intervozes.org.br\/index.php?rest_route=\/wp\/v2\/posts\/19512"}],"collection":[{"href":"https:\/\/obscom.intervozes.org.br\/index.php?rest_route=\/wp\/v2\/posts"}],"about":[{"href":"https:\/\/obscom.intervozes.org.br\/index.php?rest_route=\/wp\/v2\/types\/post"}],"author":[{"embeddable":true,"href":"https:\/\/obscom.intervozes.org.br\/index.php?rest_route=\/wp\/v2\/users\/1"}],"replies":[{"embeddable":true,"href":"https:\/\/obscom.intervozes.org.br\/index.php?rest_route=%2Fwp%2Fv2%2Fcomments&post=19512"}],"version-history":[{"count":0,"href":"https:\/\/obscom.intervozes.org.br\/index.php?rest_route=\/wp\/v2\/posts\/19512\/revisions"}],"wp:attachment":[{"href":"https:\/\/obscom.intervozes.org.br\/index.php?rest_route=%2Fwp%2Fv2%2Fmedia&parent=19512"}],"wp:term":[{"taxonomy":"category","embeddable":true,"href":"https:\/\/obscom.intervozes.org.br\/index.php?rest_route=%2Fwp%2Fv2%2Fcategories&post=19512"},{"taxonomy":"post_tag","embeddable":true,"href":"https:\/\/obscom.intervozes.org.br\/index.php?rest_route=%2Fwp%2Fv2%2Ftags&post=19512"}],"curies":[{"name":"wp","href":"https:\/\/api.w.org\/{rel}","templated":true}]}}