{"id":19506,"date":"2007-10-17T13:35:48","date_gmt":"2007-10-17T13:35:48","guid":{"rendered":"https:\/\/obscom.intervozes.org.br\/wordpress\/?p=19506"},"modified":"2007-10-17T13:35:48","modified_gmt":"2007-10-17T13:35:48","slug":"tv-digital-pode-comecar-sem-definicao-sobre-mecanismos-anticopia","status":"publish","type":"post","link":"https:\/\/obscom.intervozes.org.br\/?p=19506","title":{"rendered":"TV digital pode come\u00e7ar sem defini\u00e7\u00e3o sobre mecanismos antic\u00f3pia"},"content":{"rendered":"<p><span>O ministro das Comunica&ccedil;&otilde;es, H&eacute;lio Costa, reconheceu ontem que a TV digital poder&aacute; come&ccedil;ar a funcionar sem uma defini&ccedil;&atilde;o se os telespectadores poder&atilde;o ou n&atilde;o gravar programas e reproduzir em outros aparelhos. Enquanto institui&ccedil;&otilde;es&nbsp;que defendem os direitos dos consumidores&nbsp;condenam o veto &agrave;s grava&ccedil;&otilde;es, as emissoras defendem um mecanismo que impe&ccedil;a a reprodu&ccedil;&atilde;o em CDs ou DVDs, sob a justificativa que isso inibiria a pirataria. <\/p>\n<p><\/span><\/p>\n<p style=\"margin: 0cm 0cm 7.5pt\" class=\"NormalWeb8\"><span>Costa n&atilde;o disse, entretanto, se os conversores que est&atilde;o sendo&nbsp;fabricados atualmente&nbsp;vir&atilde;o com ou sem os mecanismos antic&oacute;pia.<\/span><\/p>\n","protected":false},"excerpt":{"rendered":"<p>O ministro das Comunica&ccedil;&otilde;es, H&eacute;lio Costa, reconheceu ontem que a TV digital poder&aacute; come&ccedil;ar a funcionar sem uma defini&ccedil;&atilde;o se os telespectadores poder&atilde;o ou n&atilde;o gravar programas e reproduzir em outros aparelhos. Enquanto institui&ccedil;&otilde;es&nbsp;que defendem os direitos dos consumidores&nbsp;condenam o veto &agrave;s grava&ccedil;&otilde;es, as emissoras defendem um mecanismo que impe&ccedil;a a reprodu&ccedil;&atilde;o em CDs ou &hellip; <a href=\"https:\/\/obscom.intervozes.org.br\/?p=19506\" class=\"more-link\">Continue lendo <span class=\"screen-reader-text\">TV digital pode come\u00e7ar sem defini\u00e7\u00e3o sobre mecanismos antic\u00f3pia<\/span> <span class=\"meta-nav\">&rarr;<\/span><\/a><\/p>\n","protected":false},"author":1,"featured_media":0,"comment_status":"open","ping_status":"open","sticky":false,"template":"","format":"standard","meta":{"footnotes":""},"categories":[39],"tags":[],"_links":{"self":[{"href":"https:\/\/obscom.intervozes.org.br\/index.php?rest_route=\/wp\/v2\/posts\/19506"}],"collection":[{"href":"https:\/\/obscom.intervozes.org.br\/index.php?rest_route=\/wp\/v2\/posts"}],"about":[{"href":"https:\/\/obscom.intervozes.org.br\/index.php?rest_route=\/wp\/v2\/types\/post"}],"author":[{"embeddable":true,"href":"https:\/\/obscom.intervozes.org.br\/index.php?rest_route=\/wp\/v2\/users\/1"}],"replies":[{"embeddable":true,"href":"https:\/\/obscom.intervozes.org.br\/index.php?rest_route=%2Fwp%2Fv2%2Fcomments&post=19506"}],"version-history":[{"count":0,"href":"https:\/\/obscom.intervozes.org.br\/index.php?rest_route=\/wp\/v2\/posts\/19506\/revisions"}],"wp:attachment":[{"href":"https:\/\/obscom.intervozes.org.br\/index.php?rest_route=%2Fwp%2Fv2%2Fmedia&parent=19506"}],"wp:term":[{"taxonomy":"category","embeddable":true,"href":"https:\/\/obscom.intervozes.org.br\/index.php?rest_route=%2Fwp%2Fv2%2Fcategories&post=19506"},{"taxonomy":"post_tag","embeddable":true,"href":"https:\/\/obscom.intervozes.org.br\/index.php?rest_route=%2Fwp%2Fv2%2Ftags&post=19506"}],"curies":[{"name":"wp","href":"https:\/\/api.w.org\/{rel}","templated":true}]}}