{"id":19505,"date":"2007-10-17T11:47:37","date_gmt":"2007-10-17T11:47:37","guid":{"rendered":"https:\/\/obscom.intervozes.org.br\/wordpress\/?p=19505"},"modified":"2007-10-17T11:47:37","modified_gmt":"2007-10-17T11:47:37","slug":"anatel-comite-de-defesa-dos-usuarios-de-telecomunicacoes-sofre-alteracoes-e-vai-a-consulta-publica","status":"publish","type":"post","link":"https:\/\/obscom.intervozes.org.br\/?p=19505","title":{"rendered":"Anatel: comit\u00ea de defesa dos usu\u00e1rios de telecomunica\u00e7\u00f5es sofre altera\u00e7\u00f5es e vai \u00e0 consulta p\u00fablica"},"content":{"rendered":"<p><span>A Anatel colocou sob consulta p&uacute;blica a proposta de revis&atilde;o do &quot;Regimento Interno do Comit&ecirc; de Defesa dos Usu&aacute;rios de Servi&ccedil;os de Telecomunica&ccedil;&otilde;es&quot;, alterando a sua composi&ccedil;&atilde;o, atribui&ccedil;&otilde;es e o funcionamento deste colegiado. A informa&ccedil;&atilde;o foi divulgada nesta ter&ccedil;a-feira, 16\/10, pela assessoria de iImprensa da ag&ecirc;ncia.<\/p>\n<p><\/span><span>O documento acrescenta, nas atividades do Comit&ecirc;, a fun&ccedil;&atilde;o de propor diretrizes para promover a informa&ccedil;&atilde;o e a educa&ccedil;&atilde;o dos usu&aacute;rios, visando a sua maior participa&ccedil;&atilde;o nas decis&otilde;es regulat&oacute;rias do &oacute;rg&atilde;o. A Anatel ressalta que se as mudan&ccedil;as forem aprovadas, o Comit&ecirc; passar&aacute; a contar com a presen&ccedil;a de um representante da Secretaria Especial de Direitos Humanos, ligada &agrave; Presid&ecirc;ncia da Rep&uacute;blica, e um representante do Minist&eacute;rio das Comunica&ccedil;&otilde;es. Da Anatel, al&eacute;m dos membros atuais, tamb&eacute;m far&atilde;o parte do comit&ecirc; os chefes da Assessoria Parlamentar e de Comunica&ccedil;&atilde;o Social e da Auditoria Interna, bem como todos os superintendentes, que poder&atilde;o ser convocados em raz&atilde;o dos assuntos em pauta.<\/p>\n<p><\/span><span>O texto sob a Consulta P&uacute;blica 825 est&aacute; dispon&iacute;vel na Biblioteca da Anatel e em sua p&aacute;gina (www.anatel.gov.br), para contribui&ccedil;&otilde;es at&eacute; o dia 26 de novembro.<font color=\"#bb0700\"><font size=\"3\"><strong><\/strong><\/font><\/font><font size=\"3\"><\/font><\/span><\/p>\n","protected":false},"excerpt":{"rendered":"<p>A Anatel colocou sob consulta p&uacute;blica a proposta de revis&atilde;o do &quot;Regimento Interno do Comit&ecirc; de Defesa dos Usu&aacute;rios de Servi&ccedil;os de Telecomunica&ccedil;&otilde;es&quot;, alterando a sua composi&ccedil;&atilde;o, atribui&ccedil;&otilde;es e o funcionamento deste colegiado. A informa&ccedil;&atilde;o foi divulgada nesta ter&ccedil;a-feira, 16\/10, pela assessoria de iImprensa da ag&ecirc;ncia. O documento acrescenta, nas atividades do Comit&ecirc;, a fun&ccedil;&atilde;o &hellip; <a href=\"https:\/\/obscom.intervozes.org.br\/?p=19505\" class=\"more-link\">Continue lendo <span class=\"screen-reader-text\">Anatel: comit\u00ea de defesa dos usu\u00e1rios de telecomunica\u00e7\u00f5es sofre altera\u00e7\u00f5es e vai \u00e0 consulta p\u00fablica<\/span> <span class=\"meta-nav\">&rarr;<\/span><\/a><\/p>\n","protected":false},"author":1,"featured_media":0,"comment_status":"open","ping_status":"open","sticky":false,"template":"","format":"standard","meta":{"footnotes":""},"categories":[39],"tags":[],"_links":{"self":[{"href":"https:\/\/obscom.intervozes.org.br\/index.php?rest_route=\/wp\/v2\/posts\/19505"}],"collection":[{"href":"https:\/\/obscom.intervozes.org.br\/index.php?rest_route=\/wp\/v2\/posts"}],"about":[{"href":"https:\/\/obscom.intervozes.org.br\/index.php?rest_route=\/wp\/v2\/types\/post"}],"author":[{"embeddable":true,"href":"https:\/\/obscom.intervozes.org.br\/index.php?rest_route=\/wp\/v2\/users\/1"}],"replies":[{"embeddable":true,"href":"https:\/\/obscom.intervozes.org.br\/index.php?rest_route=%2Fwp%2Fv2%2Fcomments&post=19505"}],"version-history":[{"count":0,"href":"https:\/\/obscom.intervozes.org.br\/index.php?rest_route=\/wp\/v2\/posts\/19505\/revisions"}],"wp:attachment":[{"href":"https:\/\/obscom.intervozes.org.br\/index.php?rest_route=%2Fwp%2Fv2%2Fmedia&parent=19505"}],"wp:term":[{"taxonomy":"category","embeddable":true,"href":"https:\/\/obscom.intervozes.org.br\/index.php?rest_route=%2Fwp%2Fv2%2Fcategories&post=19505"},{"taxonomy":"post_tag","embeddable":true,"href":"https:\/\/obscom.intervozes.org.br\/index.php?rest_route=%2Fwp%2Fv2%2Ftags&post=19505"}],"curies":[{"name":"wp","href":"https:\/\/api.w.org\/{rel}","templated":true}]}}