{"id":19503,"date":"2007-10-17T11:26:30","date_gmt":"2007-10-17T11:26:30","guid":{"rendered":"https:\/\/obscom.intervozes.org.br\/wordpress\/?p=19503"},"modified":"2007-10-17T11:26:30","modified_gmt":"2007-10-17T11:26:30","slug":"legislacao-atual-nao-garante-transparencia-diz-luiza-erundina","status":"publish","type":"post","link":"https:\/\/obscom.intervozes.org.br\/?p=19503","title":{"rendered":"Legisla\u00e7\u00e3o atual n\u00e3o garante transpar\u00eancia, diz Luiza Erundina"},"content":{"rendered":"<p style=\"margin: 0cm 0cm 0pt; text-align: justify\" class=\"MsoNormal\"><span>Belo Horizonte &#8211; &ldquo;Precisamos de mobiliza&ccedil;&otilde;es para criar condi&ccedil;&otilde;es pol&iacute;ticas para alterar a legisla&ccedil;&atilde;o&rdquo;. Este foi o diagn&oacute;stico da deputada federal Luiza Erundina (PSB-SP) durante o debate &ldquo;Controle P&uacute;blico de Concess&otilde;es de R&aacute;dio e TV&rdquo;, promovido pelo Sindicato dos Jornalistas Profissionais de Minas Gerais na &uacute;ltima segunda-feira, 15 de outubro, em sua sede em Belo Horizonte. Tamb&eacute;m participou do debate a deputada Maria do Carmo Lara (PT-MG), que integra junto com Erundina a Comiss&atilde;o de Ci&ecirc;ncia e Tecnologia, Comunica&ccedil;&atilde;o e Inform&aacute;tica (CCTCI) da C&acirc;mara dos Deputados.<\/p>\n<p><\/span><span>As parlamentares apresentaram o trabalho da Subcomiss&atilde;o Especial da CCTCI destinada a analisar os atos de outorga e renova&ccedil;&atilde;o das concess&otilde;es. Segundo Erundina, o primeiro trabalho apresentado pela Subcomiss&atilde;o foi um relat&oacute;rio parcial que apresentou v&aacute;rias quest&otilde;es relativas aos procedimentos administrativos das outorgas e suas renova&ccedil;&otilde;es. A subcomiss&atilde;o tamb&eacute;m produziu um novo ato normativo para estabelecer crit&eacute;rios para as aprecia&ccedil;&otilde;es das outorgas e renova&ccedil;&otilde;es na C&acirc;mara. Maria do Carmo afirmou que ainda este ano estar&aacute; no ar no site da Comiss&atilde;o um sistema de consulta sobre o andamento das outorgas na Comiss&atilde;o, para possibilitar uma maior transpar&ecirc;ncia e participa&ccedil;&atilde;o da sociedade. <\/p>\n<p><\/span><span>Luiza Erundina apontou a exist&ecirc;ncia de um ambiente favor&aacute;vel criado pela organiza&ccedil;&atilde;o da sociedade civil atrav&eacute;s dos diversos atos ocorridos no dia 5 de outubro em todo o pa&iacute;s e do movimento Pr&oacute;-Confer&ecirc;ncia Nacional de Comunica&ccedil;&atilde;o. &ldquo;Apenas a mobiliza&ccedil;&atilde;o social ser&aacute; capaz de criar uma press&atilde;o externa ao Congresso para modificar a regulamenta&ccedil;&atilde;o existe do setor&rdquo;, afirma a deputada. Para Erundina, a legisla&ccedil;&atilde;o existente hoje no pa&iacute;s n&atilde;o &eacute; capaz de garantir transpar&ecirc;ncia e nem um controle p&uacute;blico sobre o processo de concess&otilde;es. <\/p>\n<p><\/span><span><strong>Confer&ecirc;ncia Nacional de Comunica&ccedil;&atilde;o<\/p>\n<p><\/strong><\/span><span>As deputadas Maria do Carmo Lara e Luiza Erundina apontaram que o espa&ccedil;o fundamental para se discutir um novo marco regulat&oacute;rio para as comunica&ccedil;&otilde;es seja uma confer&ecirc;ncia nacional democr&aacute;tica, como as realizadas para a defini&ccedil;&atilde;o de outras pol&iacute;ticas p&uacute;blicas, como a de sa&uacute;de, educa&ccedil;&atilde;o, direitos humanos e mulheres. Maria do Carmo garantiu que o PT est&aacute; trabalhando para a realiza&ccedil;&atilde;o da confer&ecirc;ncia junto ao governo e que v&aacute;rios setores do pr&oacute;prio Executivo j&aacute; est&atilde;o sensibilizados com a quest&atilde;o. Erundina afirmou que j&aacute; est&aacute; sendo feito um esfor&ccedil;o para garantir dentro da Lei Or&ccedil;ament&aacute;ria verbas para a realiza&ccedil;&atilde;o da confer&ecirc;ncia em 2008.<\/span><\/p>\n","protected":false},"excerpt":{"rendered":"<p>Belo Horizonte &#8211; &ldquo;Precisamos de mobiliza&ccedil;&otilde;es para criar condi&ccedil;&otilde;es pol&iacute;ticas para alterar a legisla&ccedil;&atilde;o&rdquo;. Este foi o diagn&oacute;stico da deputada federal Luiza Erundina (PSB-SP) durante o debate &ldquo;Controle P&uacute;blico de Concess&otilde;es de R&aacute;dio e TV&rdquo;, promovido pelo Sindicato dos Jornalistas Profissionais de Minas Gerais na &uacute;ltima segunda-feira, 15 de outubro, em sua sede em Belo &hellip; <a href=\"https:\/\/obscom.intervozes.org.br\/?p=19503\" class=\"more-link\">Continue lendo <span class=\"screen-reader-text\">Legisla\u00e7\u00e3o atual n\u00e3o garante transpar\u00eancia, diz Luiza Erundina<\/span> <span class=\"meta-nav\">&rarr;<\/span><\/a><\/p>\n","protected":false},"author":1,"featured_media":0,"comment_status":"open","ping_status":"open","sticky":false,"template":"","format":"standard","meta":{"footnotes":""},"categories":[40],"tags":[106],"_links":{"self":[{"href":"https:\/\/obscom.intervozes.org.br\/index.php?rest_route=\/wp\/v2\/posts\/19503"}],"collection":[{"href":"https:\/\/obscom.intervozes.org.br\/index.php?rest_route=\/wp\/v2\/posts"}],"about":[{"href":"https:\/\/obscom.intervozes.org.br\/index.php?rest_route=\/wp\/v2\/types\/post"}],"author":[{"embeddable":true,"href":"https:\/\/obscom.intervozes.org.br\/index.php?rest_route=\/wp\/v2\/users\/1"}],"replies":[{"embeddable":true,"href":"https:\/\/obscom.intervozes.org.br\/index.php?rest_route=%2Fwp%2Fv2%2Fcomments&post=19503"}],"version-history":[{"count":0,"href":"https:\/\/obscom.intervozes.org.br\/index.php?rest_route=\/wp\/v2\/posts\/19503\/revisions"}],"wp:attachment":[{"href":"https:\/\/obscom.intervozes.org.br\/index.php?rest_route=%2Fwp%2Fv2%2Fmedia&parent=19503"}],"wp:term":[{"taxonomy":"category","embeddable":true,"href":"https:\/\/obscom.intervozes.org.br\/index.php?rest_route=%2Fwp%2Fv2%2Fcategories&post=19503"},{"taxonomy":"post_tag","embeddable":true,"href":"https:\/\/obscom.intervozes.org.br\/index.php?rest_route=%2Fwp%2Fv2%2Ftags&post=19503"}],"curies":[{"name":"wp","href":"https:\/\/api.w.org\/{rel}","templated":true}]}}