{"id":19500,"date":"2007-10-16T22:33:32","date_gmt":"2007-10-16T22:33:32","guid":{"rendered":"https:\/\/obscom.intervozes.org.br\/wordpress\/?p=19500"},"modified":"2007-10-16T22:33:32","modified_gmt":"2007-10-16T22:33:32","slug":"encontro-paulista-marca-criacao-de-rede-para-atuacao-local","status":"publish","type":"post","link":"https:\/\/obscom.intervozes.org.br\/?p=19500","title":{"rendered":"Encontro Paulista marca cria\u00e7\u00e3o de rede para atua\u00e7\u00e3o local"},"content":{"rendered":"<p><span>Em meio ao debate sobre as concess&otilde;es p&uacute;blicas, a digitaliza&ccedil;&atilde;o do r&aacute;dio e da televis&atilde;o e a cria&ccedil;&atilde;o de uma emissora p&uacute;blica brasileira, nasce o <a href=\"I%20Encontro%20Paulista%20pela%20Democratiza&ccedil;&atilde;o%20da%20Comunica&ccedil;&atilde;o%20e%20da%20Cultura\">I Encontro Paulista pela Democratiza&ccedil;&atilde;o da Comunica&ccedil;&atilde;o e da Cultura<\/a>. As atividades acontecem entre os dias 19 e 21, <\/span><span>em S&atilde;o Paulo,&nbsp;quando&nbsp;entidades<\/span><span> e pessoas envolvidas no movimento pela democratiza&ccedil;&atilde;o da comunica&ccedil;&atilde;o e da cultura se reunir&atilde;o para analisar a atual conjuntura e discutir perspectivas de mudan&ccedil;a para o setor. Ao todo, 37 organiza&ccedil;&otilde;es assinam a convocat&oacute;rio do encontro.<\/p>\n<p><\/span><span>&ldquo;O encontro deve ser um espa&ccedil;o de forma&ccedil;&atilde;o e, principalmente, de constru&ccedil;&atilde;o de uma articula&ccedil;&atilde;o permanente <\/span><span>em S&atilde;o Paulo<\/span><span>, que se&nbsp;articule em n&iacute;vel nacional com outras redes para reverter o quadro atual, que &eacute; de viola&ccedil;&otilde;es permanentes ao direito &agrave; comunica&ccedil;&atilde;o&rdquo;, observa F&aacute;tima Nassif, do Conselho Regional de Psicologia &ndash; uma das entidades que atua na constru&ccedil;&atilde;o do encontro.<\/p>\n<p><\/span><span>Durante as atividades, que acontecer&atilde;o nas <\/span><span>Fapcom &#8211; Faculdade Paulus de Tecnologia e Comunica&ccedil;&atilde;o<\/span><span>, ser&aacute; criada oficialmente a Rede Paulista pela Democratiza&ccedil;&atilde;o da Comunica&ccedil;&atilde;o e da Cultura, al&eacute;m de definidas prioridades para o movimento no Estado nos pr&oacute;ximos meses. Segundo os organizadores, a inten&ccedil;&atilde;o n&atilde;o &eacute; criar uma nova entidade, mas um ambiente colaborativo e de solidariedade permanente entre as organiza&ccedil;&otilde;es envolvidas.<\/p>\n<p><\/span><span><strong>Esfor&ccedil;o pela converg&ecirc;ncia<\/p>\n<p><\/strong><\/span><span>A organiza&ccedil;&atilde;o do encontro come&ccedil;ou um ano atr&aacute;s, durante a IV Semana Nacional pela Democratiza&ccedil;&atilde;o da Comunica&ccedil;&atilde;o, quando diversas organiza&ccedil;&otilde;es que n&atilde;o t&ecirc;m a comunica&ccedil;&atilde;o como pauta principal se aproximaram das entidades que atuam diretamente como tema. &ldquo;Nos &uacute;ltimos anos, os movimentos sociais entenderam que se trata de uma pauta que tem a ver com todos&rdquo;, avalia F&aacute;bio Nassif de Sousa, do Centro Acad&ecirc;mico Benevides Paix&atilde;o, da PUC-SP, uma das organiza&ccedil;&otilde;es de estudantes de Comunica&ccedil;&atilde;o Social que participam da organiza&ccedil;&atilde;o do encontro.<\/p>\n<p><\/span><span>O percurso que aproximou o movimento de mulheres do movimento pela democratiza&ccedil;&atilde;o da comunica&ccedil;&atilde;o &eacute; paradigm&aacute;tico. Ainda que a quest&atilde;o da mercantiliza&ccedil;&atilde;o da mulher pela m&iacute;dia estivesse presente h&aacute; tempos na pauta do movimento de mulheres, apenas este ano foi criada a Articula&ccedil;&atilde;o Mulher e M&iacute;dia, buscando uma atua&ccedil;&atilde;o mais sistem&aacute;tica na &aacute;rea.<\/p>\n<p><\/span><span>&ldquo;N&oacute;s abr&iacute;amos processos contra um anunciante ou outro. Agora, estamos nos juntando ao movimento pela democratiza&ccedil;&atilde;o da comunica&ccedil;&atilde;o, engrossando a batalha&rdquo;, afirma Rachel Moreno, do Observat&oacute;rio da Mulher, entidade que integra a Articula&ccedil;&atilde;o. Rachel enfatiza a necessidade de articular a luta por democratiza&ccedil;&atilde;o e o controle social do conte&uacute;do. No encontro, a rela&ccedil;&atilde;o entre a estrutura dos meios de comunica&ccedil;&atilde;o e o conte&uacute;do veiculado ser&aacute; tema central.<\/p>\n<p><\/span><span>Comunica&ccedil;&atilde;o e cultura tamb&eacute;m ser&atilde;o abordadas como par indissoci&aacute;vel. &ldquo;S&atilde;o &aacute;reas complementares. N&atilde;o podemos trat&aacute;-las de forma fragmentada, sob pena de incorrer em um corte incompleto para as pol&iacute;ticas p&uacute;blicas, tanto nacional quanto regionalmente&rdquo;, afirma Guilherme Varella, do Instituto Pensarte.<\/p>\n<p><\/span><span>De acordo com ele, pouco adianta defender uma distribui&ccedil;&atilde;o mais equ&acirc;nime dos recursos que subsidiam a cultura, para as diferentes regi&otilde;es do pa&iacute;s, se os meios de comunica&ccedil;&atilde;o seguem concentrados no eixo Rio-S&atilde;o Paulo. Ou tratar de manifesta&ccedil;&otilde;es culturais marginalizadas sem abordar formas de comunica&ccedil;&atilde;o comunit&aacute;ria. Segundo a mesma l&oacute;gica, discutir plataformas digitais passa, necessariamente, por um debate sobre cultura livre. <\/p>\n<p><\/span><span>A op&ccedil;&atilde;o se reflete na estrutura do encontro: os debates foram divididos por temas, de modo que a discuss&atilde;o de cultura perpasse todos os pontos da discuss&atilde;o sobre m&iacute;dia. &ldquo;&Eacute; preciso lutar por pol&iacute;ticas p&uacute;blicas comuns, que visem o desenvolvimento social do povo. N&atilde;o s&oacute; a distribui&ccedil;&atilde;o material da riqueza, mas a distribui&ccedil;&atilde;o da informa&ccedil;&atilde;o e da cultura&rdquo;, conclui Varella.<\/p>\n<p><\/span><span><strong>Comunica&ccedil;&atilde;o e Educa&ccedil;&atilde;o<\/p>\n<p><\/strong><\/span><span>Ao reconhecer a influ&ecirc;ncia da m&iacute;dia sobre a sociedade, as entidades envolvidas no encontro atentam tamb&eacute;m para suas possibilidades emancipat&oacute;rias. &ldquo;&Eacute; poss&iacute;vel construir um ambiente que una educa&ccedil;&atilde;o e comunica&ccedil;&atilde;o, ajudando a tornar as pessoas aut&ocirc;nomas e independentes&rdquo;, observa Douglas Lima, da revista Vira&ccedil;&atilde;o. &ldquo;A educomunica&ccedil;&atilde;o possibilita uma leitura cr&iacute;tica dos meios de comunica&ccedil;&atilde;o e o desenvolvimento do poder de comunicabilidade como forma de engajamento cotidiano&rdquo;. <\/p>\n<p><\/span><span>F&aacute;tima, do Conselho Regional de Psicologia, concorda: &ldquo;H&aacute; uma autoridade que emana da m&iacute;dia, e as pessoas aceitam de forma muito passiva o que vem dela. Um dos nossos objetivos &eacute; mostrar que a m&iacute;dia tem que atender aos interesses da sociedade, que a sociedade &eacute; dona da m&iacute;dia&rdquo;.<\/p>\n<p>*<\/p>\n<p><\/span><span><a href=\"http:\/\/sp.comunicacaoecultura.org.br\/\">Para acessar o site oficial do encontro, com a programa&ccedil;&atilde;o e a ficha de inscri&ccedil;&atilde;o, clique aqui.<\/a><\/p>\n<p><\/span><span><strong>I Encontro Paulista pela Democratiza&ccedil;&atilde;o da Comunica&ccedil;&atilde;o e da Cultura<br \/><\/strong><\/span><span><strong>Local:<\/strong> <\/span><span>Fapcom &#8211; Faculdade Paulus de Tecnologia e Comunica&ccedil;&atilde;o<br \/>Rua Major Maragliano, 191 &#8211; Cep. 04017-030 <br \/>(pr&oacute;xima &agrave; Rua Domingos de Morais) &#8211; Vila Mariana, entre as Esta&ccedil;&otilde;es do Metro Vila Mariana e Ana Rosa<\/span><\/p>\n","protected":false},"excerpt":{"rendered":"<p>Em meio aos debates sobre as concess\u00f5es p\u00fablicas e a cria\u00e7\u00e3o da TV p\u00fablica, organiza\u00e7\u00f5es promovem de 19 a 21\/10 encontro para consolidar cria\u00e7\u00e3o de rede local para atua\u00e7\u00e3o nas quest\u00f5es ligadas ao setor.<\/p>\n","protected":false},"author":1,"featured_media":0,"comment_status":"open","ping_status":"open","sticky":false,"template":"","format":"standard","meta":{"footnotes":""},"categories":[40],"tags":[195],"_links":{"self":[{"href":"https:\/\/obscom.intervozes.org.br\/index.php?rest_route=\/wp\/v2\/posts\/19500"}],"collection":[{"href":"https:\/\/obscom.intervozes.org.br\/index.php?rest_route=\/wp\/v2\/posts"}],"about":[{"href":"https:\/\/obscom.intervozes.org.br\/index.php?rest_route=\/wp\/v2\/types\/post"}],"author":[{"embeddable":true,"href":"https:\/\/obscom.intervozes.org.br\/index.php?rest_route=\/wp\/v2\/users\/1"}],"replies":[{"embeddable":true,"href":"https:\/\/obscom.intervozes.org.br\/index.php?rest_route=%2Fwp%2Fv2%2Fcomments&post=19500"}],"version-history":[{"count":0,"href":"https:\/\/obscom.intervozes.org.br\/index.php?rest_route=\/wp\/v2\/posts\/19500\/revisions"}],"wp:attachment":[{"href":"https:\/\/obscom.intervozes.org.br\/index.php?rest_route=%2Fwp%2Fv2%2Fmedia&parent=19500"}],"wp:term":[{"taxonomy":"category","embeddable":true,"href":"https:\/\/obscom.intervozes.org.br\/index.php?rest_route=%2Fwp%2Fv2%2Fcategories&post=19500"},{"taxonomy":"post_tag","embeddable":true,"href":"https:\/\/obscom.intervozes.org.br\/index.php?rest_route=%2Fwp%2Fv2%2Ftags&post=19500"}],"curies":[{"name":"wp","href":"https:\/\/api.w.org\/{rel}","templated":true}]}}