{"id":19495,"date":"2007-10-16T10:05:16","date_gmt":"2007-10-16T10:05:16","guid":{"rendered":"https:\/\/obscom.intervozes.org.br\/wordpress\/?p=19495"},"modified":"2007-10-16T10:05:16","modified_gmt":"2007-10-16T10:05:16","slug":"reducao-do-ipi-para-tv-digital-nao-altera-custo-dos-conversores","status":"publish","type":"post","link":"https:\/\/obscom.intervozes.org.br\/?p=19495","title":{"rendered":"Redu\u00e7\u00e3o do IPI para TV digital n\u00e3o altera custo dos conversores"},"content":{"rendered":"<p style=\"margin: 0cm 0cm 0pt\" class=\"MsoNormal\"><span>Diferentemente do que os ve&iacute;culos de comunica&ccedil;&atilde;o&nbsp;&nbsp;informaram, o an&uacute;ncio do governo federal de redu&ccedil;&atilde;o a zero do IPI dos equipamentos de TV Digital, feito nesta semana, n&atilde;o dever&aacute; alterar o pre&ccedil;o dos receptores de sinal, tamb&eacute;m chamados de set up box. <\/p>\n<p><\/span><span>Isso porque a medida publicada no Di&aacute;rio Oficial isenta apenas os moduladores OFDM (Orthogonal Frequency Digital Multiplex), transmissores digitais de TV em UHF e VHF, transceptores para os padr&otilde;es DVB-AST e ISDB-T, transceptores de fibra &oacute;ptica, codificadores de sinais MEPG e MPEG-4, roteadores-comutadores e amplificadores. <\/p>\n<p><\/span><span>Esses equipamentos s&atilde;o usados apenas pelas pr&oacute;prias emissoras de televis&atilde;o, &uacute;nicas beneficiadas at&eacute; agora pela medida. A lista detalhada, publicada em anexo no Di&aacute;rio Oficial da Uni&atilde;o, n&atilde;o inclui os componentes dos receptores. Por isso, o pre&ccedil;o indicado pela Associa&ccedil;&atilde;o Nacional de Fabricantes de Produtos Eletroeletr&ocirc;nicos (Eletros), de 700 reais, dever&aacute; se manter, conforme confirmou a Associa&ccedil;&atilde;o nesta quarta-feira (10\/10).<\/p>\n<p><\/span><span>Augusto Sorge, gerente de produtos da Tec Toy, que recentemente anunciou um dispositivo que dever&aacute; receber o sinal da TV Digital e viabilizar a transmiss&atilde;o em equipamentos m&oacute;veis, como notebooks, tamb&eacute;m confirmou a informa&ccedil;&atilde;o de que, em princ&iacute;pio, nada ser&aacute; alterado no pre&ccedil;o do produto. <\/span>&ldquo;A redu&ccedil;&atilde;o do IPI s&oacute; beneficia as radiodifusoras&rdquo;, explicou.<\/p>\n","protected":false},"excerpt":{"rendered":"<p>Diferentemente do que os ve&iacute;culos de comunica&ccedil;&atilde;o&nbsp;&nbsp;informaram, o an&uacute;ncio do governo federal de redu&ccedil;&atilde;o a zero do IPI dos equipamentos de TV Digital, feito nesta semana, n&atilde;o dever&aacute; alterar o pre&ccedil;o dos receptores de sinal, tamb&eacute;m chamados de set up box. Isso porque a medida publicada no Di&aacute;rio Oficial isenta apenas os moduladores OFDM (Orthogonal &hellip; <a href=\"https:\/\/obscom.intervozes.org.br\/?p=19495\" class=\"more-link\">Continue lendo <span class=\"screen-reader-text\">Redu\u00e7\u00e3o do IPI para TV digital n\u00e3o altera custo dos conversores<\/span> <span class=\"meta-nav\">&rarr;<\/span><\/a><\/p>\n","protected":false},"author":1,"featured_media":0,"comment_status":"open","ping_status":"open","sticky":false,"template":"","format":"standard","meta":{"footnotes":""},"categories":[40],"tags":[475],"_links":{"self":[{"href":"https:\/\/obscom.intervozes.org.br\/index.php?rest_route=\/wp\/v2\/posts\/19495"}],"collection":[{"href":"https:\/\/obscom.intervozes.org.br\/index.php?rest_route=\/wp\/v2\/posts"}],"about":[{"href":"https:\/\/obscom.intervozes.org.br\/index.php?rest_route=\/wp\/v2\/types\/post"}],"author":[{"embeddable":true,"href":"https:\/\/obscom.intervozes.org.br\/index.php?rest_route=\/wp\/v2\/users\/1"}],"replies":[{"embeddable":true,"href":"https:\/\/obscom.intervozes.org.br\/index.php?rest_route=%2Fwp%2Fv2%2Fcomments&post=19495"}],"version-history":[{"count":0,"href":"https:\/\/obscom.intervozes.org.br\/index.php?rest_route=\/wp\/v2\/posts\/19495\/revisions"}],"wp:attachment":[{"href":"https:\/\/obscom.intervozes.org.br\/index.php?rest_route=%2Fwp%2Fv2%2Fmedia&parent=19495"}],"wp:term":[{"taxonomy":"category","embeddable":true,"href":"https:\/\/obscom.intervozes.org.br\/index.php?rest_route=%2Fwp%2Fv2%2Fcategories&post=19495"},{"taxonomy":"post_tag","embeddable":true,"href":"https:\/\/obscom.intervozes.org.br\/index.php?rest_route=%2Fwp%2Fv2%2Ftags&post=19495"}],"curies":[{"name":"wp","href":"https:\/\/api.w.org\/{rel}","templated":true}]}}