{"id":19494,"date":"2007-10-16T10:02:47","date_gmt":"2007-10-16T10:02:47","guid":{"rendered":"https:\/\/obscom.intervozes.org.br\/wordpress\/?p=19494"},"modified":"2007-10-16T10:02:47","modified_gmt":"2007-10-16T10:02:47","slug":"festival-na-bahia-abre-inscricoes-para-videos-de-ate-cinco-minutos","status":"publish","type":"post","link":"https:\/\/obscom.intervozes.org.br\/?p=19494","title":{"rendered":"Festival na Bahia abre inscri\u00e7\u00f5es para v\u00eddeos de at\u00e9 cinco minutos"},"content":{"rendered":"<p class=\"texto\">Encerram-se em 24 de outubro as inscri&ccedil;&otilde;es para o XI Festival Nacional de V&iacute;deo -Imagem em 5 Minutos, que acontece de 10 a 15 de dezembro, em Salvador, na Bahia. O evento aceita inscri&ccedil;&otilde;es de v&iacute;deos de at&eacute; cinco minutos, conclu&iacute;dos a partir de 2006 e que n&atilde;o sejam institucionais, promocionais ou publicit&aacute;rios. Os v&iacute;deos concorrem a R$ 30 mil em pr&ecirc;mios. <\/p>\n<p>O formul&aacute;rio de inscri&ccedil;&atilde;o est&aacute; dispon&iacute;vel nos endere&ccedil;os www.funceb.ba.gov.br e <a href=\"http:\/\/www.dimas.ba.gov.br\/\">www.dimas.ba.gov.br<\/a>.<\/p>\n","protected":false},"excerpt":{"rendered":"<p>Encerram-se em 24 de outubro as inscri&ccedil;&otilde;es para o XI Festival Nacional de V&iacute;deo -Imagem em 5 Minutos, que acontece de 10 a 15 de dezembro, em Salvador, na Bahia. O evento aceita inscri&ccedil;&otilde;es de v&iacute;deos de at&eacute; cinco minutos, conclu&iacute;dos a partir de 2006 e que n&atilde;o sejam institucionais, promocionais ou publicit&aacute;rios. Os v&iacute;deos &hellip; <a href=\"https:\/\/obscom.intervozes.org.br\/?p=19494\" class=\"more-link\">Continue lendo <span class=\"screen-reader-text\">Festival na Bahia abre inscri\u00e7\u00f5es para v\u00eddeos de at\u00e9 cinco minutos<\/span> <span class=\"meta-nav\">&rarr;<\/span><\/a><\/p>\n","protected":false},"author":1,"featured_media":0,"comment_status":"open","ping_status":"open","sticky":false,"template":"","format":"standard","meta":{"footnotes":""},"categories":[39],"tags":[],"_links":{"self":[{"href":"https:\/\/obscom.intervozes.org.br\/index.php?rest_route=\/wp\/v2\/posts\/19494"}],"collection":[{"href":"https:\/\/obscom.intervozes.org.br\/index.php?rest_route=\/wp\/v2\/posts"}],"about":[{"href":"https:\/\/obscom.intervozes.org.br\/index.php?rest_route=\/wp\/v2\/types\/post"}],"author":[{"embeddable":true,"href":"https:\/\/obscom.intervozes.org.br\/index.php?rest_route=\/wp\/v2\/users\/1"}],"replies":[{"embeddable":true,"href":"https:\/\/obscom.intervozes.org.br\/index.php?rest_route=%2Fwp%2Fv2%2Fcomments&post=19494"}],"version-history":[{"count":0,"href":"https:\/\/obscom.intervozes.org.br\/index.php?rest_route=\/wp\/v2\/posts\/19494\/revisions"}],"wp:attachment":[{"href":"https:\/\/obscom.intervozes.org.br\/index.php?rest_route=%2Fwp%2Fv2%2Fmedia&parent=19494"}],"wp:term":[{"taxonomy":"category","embeddable":true,"href":"https:\/\/obscom.intervozes.org.br\/index.php?rest_route=%2Fwp%2Fv2%2Fcategories&post=19494"},{"taxonomy":"post_tag","embeddable":true,"href":"https:\/\/obscom.intervozes.org.br\/index.php?rest_route=%2Fwp%2Fv2%2Ftags&post=19494"}],"curies":[{"name":"wp","href":"https:\/\/api.w.org\/{rel}","templated":true}]}}