{"id":19491,"date":"2007-10-15T18:07:20","date_gmt":"2007-10-15T18:07:20","guid":{"rendered":"https:\/\/obscom.intervozes.org.br\/wordpress\/?p=19491"},"modified":"2007-10-15T18:07:20","modified_gmt":"2007-10-15T18:07:20","slug":"68-da-populacao-nunca-ouviram-falar-na-criacao-da-tv-publica","status":"publish","type":"post","link":"https:\/\/obscom.intervozes.org.br\/?p=19491","title":{"rendered":"68% da popula\u00e7\u00e3o nunca ouviram falar na cria\u00e7\u00e3o da TV p\u00fablica"},"content":{"rendered":"<p style=\"margin: 0cm 0cm 0pt\" class=\"MsoNormal\"><span><em>Pesquisa CNT\/Sensus mostra que cerca de 68% da popula&ccedil;&atilde;o n&atilde;o ouviram falar da cria&ccedil;&atilde;o da TV p&uacute;blica pelo governo federal. Entre os que conhecem o projeto, 74% concordam com a iniciativa.<\/p>\n<p><\/em><\/span><span>Foi divulgada nesta segunda (15\/10) uma nova pesquisa de opini&atilde;o p&uacute;blica nacional, encomendada pela CNT e realizada pela Sensus, para avalia&ccedil;&atilde;o da aprova&ccedil;&atilde;o do governo Lula por parte da popula&ccedil;&atilde;o brasileira. Um dos temas conjunturais abordados pelo levantamento foi a cria&ccedil;&atilde;o da TV p&uacute;blica pelo governo federal. <\/p>\n<p><\/span><span>Do total de entrevistados, somente 30% t&ecirc;m acompanhado ou ouviram falar do projeto. Cerca de 68% desconhecem a iniciativa e 1,5% n&atilde;o responderam. Entre aqueles que conhecem a TV p&uacute;blica, 74% concordam com sua cria&ccedil;&atilde;o, 18,4% n&atilde;o concordam e 7,6% n&atilde;o responderam. No total da popula&ccedil;&atilde;o, os que concordam com a TV p&uacute;blica representam 22,9%. <\/p>\n<p><\/span><span>Dentro do mesmo universo de interrogados, a televis&atilde;o &eacute; o principal ve&iacute;culo utilizado para informa&ccedil;&atilde;o. Mais de 76% da popula&ccedil;&atilde;o a t&ecirc;m como principal meio de comunica&ccedil;&atilde;o. Em segundo lugar, vem o r&aacute;dio, com 8,1%; a Internet, com 7,1%; jornais, com 6,4%, e revistas, com 0,7% da prefer&ecirc;ncia dos brasileiros e brasileiras. Para 81,5% da popula&ccedil;&atilde;o nacional, a imprensa &eacute; importante na forma&ccedil;&atilde;o da sua opini&atilde;o.<\/p>\n<p><\/span><span>Foram entrevistadas duas mil pessoas em 136 munic&iacute;pios, de 24 estados, das cinco regi&otilde;es do pa&iacute;s, entre os dias 8 e 12 de outubro.<\/span><\/p>\n","protected":false},"excerpt":{"rendered":"<p>Pesquisa CNT\/Sensus mostra que cerca de 68% da popula&ccedil;&atilde;o n&atilde;o ouviram falar da cria&ccedil;&atilde;o da TV p&uacute;blica pelo governo federal. Entre os que conhecem o projeto, 74% concordam com a iniciativa. Foi divulgada nesta segunda (15\/10) uma nova pesquisa de opini&atilde;o p&uacute;blica nacional, encomendada pela CNT e realizada pela Sensus, para avalia&ccedil;&atilde;o da aprova&ccedil;&atilde;o do &hellip; <a href=\"https:\/\/obscom.intervozes.org.br\/?p=19491\" class=\"more-link\">Continue lendo <span class=\"screen-reader-text\">68% da popula\u00e7\u00e3o nunca ouviram falar na cria\u00e7\u00e3o da TV p\u00fablica<\/span> <span class=\"meta-nav\">&rarr;<\/span><\/a><\/p>\n","protected":false},"author":1,"featured_media":0,"comment_status":"open","ping_status":"open","sticky":false,"template":"","format":"standard","meta":{"footnotes":""},"categories":[40],"tags":[317],"_links":{"self":[{"href":"https:\/\/obscom.intervozes.org.br\/index.php?rest_route=\/wp\/v2\/posts\/19491"}],"collection":[{"href":"https:\/\/obscom.intervozes.org.br\/index.php?rest_route=\/wp\/v2\/posts"}],"about":[{"href":"https:\/\/obscom.intervozes.org.br\/index.php?rest_route=\/wp\/v2\/types\/post"}],"author":[{"embeddable":true,"href":"https:\/\/obscom.intervozes.org.br\/index.php?rest_route=\/wp\/v2\/users\/1"}],"replies":[{"embeddable":true,"href":"https:\/\/obscom.intervozes.org.br\/index.php?rest_route=%2Fwp%2Fv2%2Fcomments&post=19491"}],"version-history":[{"count":0,"href":"https:\/\/obscom.intervozes.org.br\/index.php?rest_route=\/wp\/v2\/posts\/19491\/revisions"}],"wp:attachment":[{"href":"https:\/\/obscom.intervozes.org.br\/index.php?rest_route=%2Fwp%2Fv2%2Fmedia&parent=19491"}],"wp:term":[{"taxonomy":"category","embeddable":true,"href":"https:\/\/obscom.intervozes.org.br\/index.php?rest_route=%2Fwp%2Fv2%2Fcategories&post=19491"},{"taxonomy":"post_tag","embeddable":true,"href":"https:\/\/obscom.intervozes.org.br\/index.php?rest_route=%2Fwp%2Fv2%2Ftags&post=19491"}],"curies":[{"name":"wp","href":"https:\/\/api.w.org\/{rel}","templated":true}]}}