{"id":19483,"date":"2007-10-15T11:42:39","date_gmt":"2007-10-15T11:42:39","guid":{"rendered":"https:\/\/obscom.intervozes.org.br\/wordpress\/?p=19483"},"modified":"2007-10-15T11:42:39","modified_gmt":"2007-10-15T11:42:39","slug":"organizacoes-promovem-i-encontro-paulista-pela-democratizacao-da-comunicacao-e-da-cultura","status":"publish","type":"post","link":"https:\/\/obscom.intervozes.org.br\/?p=19483","title":{"rendered":"Organiza\u00e7\u00f5es promovem I Encontro Paulista pela Democratiza\u00e7\u00e3o da Comunica\u00e7\u00e3o e da Cultura"},"content":{"rendered":"<p>Dando continuidade ao processo de debates pela democratiza&ccedil;&atilde;o dos meios de comunica&ccedil;&atilde;o, intensificados nas &uacute;ltimas semanas, a Fapcom &ndash; Faculdade Paulus de Tecnologia e Comunica&ccedil;&atilde;o &ndash; realizar&aacute; entre os dias 19 a 21 de outubro, o I Encontro Paulista pela Democratiza&ccedil;&atilde;o da Comunica&ccedil;&atilde;o e da Cultura. O evento abordar&aacute; quest&otilde;es que visem a amplia&ccedil;&atilde;o do acesso &agrave; cultura, &agrave;s tecnologias de informa&ccedil;&atilde;o e aos meios de produ&ccedil;&atilde;o.<\/p>\n<p>A reivindica&ccedil;&atilde;o de pol&iacute;ticas p&uacute;blicas democr&aacute;ticas, que valorizem a comunica&ccedil;&atilde;o comunit&aacute;ria, leis que garantam a pluralidade e a diversidade nos grandes ve&iacute;culos de informa&ccedil;&atilde;o, a transpar&ecirc;ncia nos crit&eacute;rios e regulamenta&ccedil;&atilde;o para as outorgas de r&aacute;dio e TV e a converg&ecirc;ncia tecniol&oacute;gica ser&atilde;o alguns do temas debatidos no encontro da Fapcom.<\/p>\n<p>Para viabilizar esse di&aacute;logo a organiza&ccedil;&atilde;o conclama comunicadores(as) populares, jornalistas profissionais, sindicalistas,assessores(as) de organiza&ccedil;&otilde;es sociais, produtores culturais, artistas enfim, todos(as) os(as) que se preocupam com os rumos da democracia em S&atilde;o Paulo e no pa&iacute;s e con a luta pela inclus&atilde;o social. <\/p>\n<p>Para maiores informa&ccedil;&otilde;es <a href=\"http:\/\/sp.comunicacaoecultura.org.br\/\">clique aqui<\/a>&nbsp;e acesse o site oficial do Encontro. <\/p>\n<p>As informa&ccedil;&otilde;es s&atilde;o do FNDC.<\/p>\n","protected":false},"excerpt":{"rendered":"<p>Dando continuidade ao processo de debates pela democratiza&ccedil;&atilde;o dos meios de comunica&ccedil;&atilde;o, intensificados nas &uacute;ltimas semanas, a Fapcom &ndash; Faculdade Paulus de Tecnologia e Comunica&ccedil;&atilde;o &ndash; realizar&aacute; entre os dias 19 a 21 de outubro, o I Encontro Paulista pela Democratiza&ccedil;&atilde;o da Comunica&ccedil;&atilde;o e da Cultura. O evento abordar&aacute; quest&otilde;es que visem a amplia&ccedil;&atilde;o do &hellip; <a href=\"https:\/\/obscom.intervozes.org.br\/?p=19483\" class=\"more-link\">Continue lendo <span class=\"screen-reader-text\">Organiza\u00e7\u00f5es promovem I Encontro Paulista pela Democratiza\u00e7\u00e3o da Comunica\u00e7\u00e3o e da Cultura<\/span> <span class=\"meta-nav\">&rarr;<\/span><\/a><\/p>\n","protected":false},"author":1,"featured_media":0,"comment_status":"open","ping_status":"open","sticky":false,"template":"","format":"standard","meta":{"footnotes":""},"categories":[39],"tags":[],"_links":{"self":[{"href":"https:\/\/obscom.intervozes.org.br\/index.php?rest_route=\/wp\/v2\/posts\/19483"}],"collection":[{"href":"https:\/\/obscom.intervozes.org.br\/index.php?rest_route=\/wp\/v2\/posts"}],"about":[{"href":"https:\/\/obscom.intervozes.org.br\/index.php?rest_route=\/wp\/v2\/types\/post"}],"author":[{"embeddable":true,"href":"https:\/\/obscom.intervozes.org.br\/index.php?rest_route=\/wp\/v2\/users\/1"}],"replies":[{"embeddable":true,"href":"https:\/\/obscom.intervozes.org.br\/index.php?rest_route=%2Fwp%2Fv2%2Fcomments&post=19483"}],"version-history":[{"count":0,"href":"https:\/\/obscom.intervozes.org.br\/index.php?rest_route=\/wp\/v2\/posts\/19483\/revisions"}],"wp:attachment":[{"href":"https:\/\/obscom.intervozes.org.br\/index.php?rest_route=%2Fwp%2Fv2%2Fmedia&parent=19483"}],"wp:term":[{"taxonomy":"category","embeddable":true,"href":"https:\/\/obscom.intervozes.org.br\/index.php?rest_route=%2Fwp%2Fv2%2Fcategories&post=19483"},{"taxonomy":"post_tag","embeddable":true,"href":"https:\/\/obscom.intervozes.org.br\/index.php?rest_route=%2Fwp%2Fv2%2Ftags&post=19483"}],"curies":[{"name":"wp","href":"https:\/\/api.w.org\/{rel}","templated":true}]}}