{"id":19478,"date":"2007-10-12T14:03:46","date_gmt":"2007-10-12T14:03:46","guid":{"rendered":"https:\/\/obscom.intervozes.org.br\/wordpress\/?p=19478"},"modified":"2007-10-12T14:03:46","modified_gmt":"2007-10-12T14:03:46","slug":"em-reuniao-com-pt-ministros-dizem-ter-disposicao-de-bancar-conferencia-de-comunicacao-em-2008","status":"publish","type":"post","link":"https:\/\/obscom.intervozes.org.br\/?p=19478","title":{"rendered":"Em reuni\u00e3o com PT, ministros dizem ter disposi\u00e7\u00e3o de bancar Confer\u00eancia de Comunica\u00e7\u00e3o em 2008"},"content":{"rendered":"<p><em>Publicado originalmente pela Folha de S. Paulo em 12\/10.<br \/><\/em><br \/>Em reuni&atilde;o com a dire&ccedil;&atilde;o petista anteontem no Planalto, os ministros H&eacute;lio Costa (Comunica&ccedil;&atilde;o), Franklin Martins (Comunica&ccedil;&atilde;o Social) e Luiz Dulci (Secretaria-Geral) manifestaram disposi&ccedil;&atilde;o de bancar a realiza&ccedil;&atilde;o da Confer&ecirc;ncia Nacional de Comunica&ccedil;&atilde;o no primeiro semestre de 2008. <\/p>\n<p>Reivindica&ccedil;&atilde;o do PT e de movimentos sociais, a confer&ecirc;ncia desenhar&aacute; um novo marco regulat&oacute;rio para o setor, discutir&aacute; concess&otilde;es de TVs e a concentra&ccedil;&atilde;o no sistema de telefonia. O debate tamb&eacute;m ter&aacute; representantes do Congresso Nacional e da sociedade civil.<\/p>\n","protected":false},"excerpt":{"rendered":"<p>Publicado originalmente pela Folha de S. Paulo em 12\/10.Em reuni&atilde;o com a dire&ccedil;&atilde;o petista anteontem no Planalto, os ministros H&eacute;lio Costa (Comunica&ccedil;&atilde;o), Franklin Martins (Comunica&ccedil;&atilde;o Social) e Luiz Dulci (Secretaria-Geral) manifestaram disposi&ccedil;&atilde;o de bancar a realiza&ccedil;&atilde;o da Confer&ecirc;ncia Nacional de Comunica&ccedil;&atilde;o no primeiro semestre de 2008. Reivindica&ccedil;&atilde;o do PT e de movimentos sociais, a confer&ecirc;ncia &hellip; <a href=\"https:\/\/obscom.intervozes.org.br\/?p=19478\" class=\"more-link\">Continue lendo <span class=\"screen-reader-text\">Em reuni\u00e3o com PT, ministros dizem ter disposi\u00e7\u00e3o de bancar Confer\u00eancia de Comunica\u00e7\u00e3o em 2008<\/span> <span class=\"meta-nav\">&rarr;<\/span><\/a><\/p>\n","protected":false},"author":1,"featured_media":0,"comment_status":"open","ping_status":"open","sticky":false,"template":"","format":"standard","meta":{"footnotes":""},"categories":[39],"tags":[],"_links":{"self":[{"href":"https:\/\/obscom.intervozes.org.br\/index.php?rest_route=\/wp\/v2\/posts\/19478"}],"collection":[{"href":"https:\/\/obscom.intervozes.org.br\/index.php?rest_route=\/wp\/v2\/posts"}],"about":[{"href":"https:\/\/obscom.intervozes.org.br\/index.php?rest_route=\/wp\/v2\/types\/post"}],"author":[{"embeddable":true,"href":"https:\/\/obscom.intervozes.org.br\/index.php?rest_route=\/wp\/v2\/users\/1"}],"replies":[{"embeddable":true,"href":"https:\/\/obscom.intervozes.org.br\/index.php?rest_route=%2Fwp%2Fv2%2Fcomments&post=19478"}],"version-history":[{"count":0,"href":"https:\/\/obscom.intervozes.org.br\/index.php?rest_route=\/wp\/v2\/posts\/19478\/revisions"}],"wp:attachment":[{"href":"https:\/\/obscom.intervozes.org.br\/index.php?rest_route=%2Fwp%2Fv2%2Fmedia&parent=19478"}],"wp:term":[{"taxonomy":"category","embeddable":true,"href":"https:\/\/obscom.intervozes.org.br\/index.php?rest_route=%2Fwp%2Fv2%2Fcategories&post=19478"},{"taxonomy":"post_tag","embeddable":true,"href":"https:\/\/obscom.intervozes.org.br\/index.php?rest_route=%2Fwp%2Fv2%2Ftags&post=19478"}],"curies":[{"name":"wp","href":"https:\/\/api.w.org\/{rel}","templated":true}]}}