{"id":19472,"date":"2007-10-11T14:38:00","date_gmt":"2007-10-11T14:38:00","guid":{"rendered":"https:\/\/obscom.intervozes.org.br\/wordpress\/?p=19472"},"modified":"2007-10-11T14:38:00","modified_gmt":"2007-10-11T14:38:00","slug":"governo-federal-lanca-campanha-publicitaria-de-r-38-milhoes","status":"publish","type":"post","link":"https:\/\/obscom.intervozes.org.br\/?p=19472","title":{"rendered":"Governo federal lan\u00e7a campanha publicit\u00e1ria de R$ 38 milh\u00f5es"},"content":{"rendered":"<p>A Secretaria de Comunica&ccedil;&atilde;o Social (Secom) lan&ccedil;ar&aacute; na pr&oacute;xima semana uma campanha informativa sobre programas sociais e pol&iacute;ticas p&uacute;blicas do Governo Federal. Sob o conceito &lsquo;Mais Brasil para mais brasileiros&rsquo;, a a&ccedil;&atilde;o tem um custo de R$ 38 milh&otilde;es. As pe&ccedil;as ser&atilde;o veiculadas ao longo de tr&ecirc;s meses em ve&iacute;culos de alcance nacional e regional e contemplam TV, r&aacute;dio, jornal, revista e internet. <\/p>\n<p>Na pr&oacute;xima ter&ccedil;a-feira, 16, a campanha ter&aacute; in&iacute;cio na m&iacute;dia r&aacute;dio. Um programa de car&aacute;ter informativo, com dura&ccedil;&atilde;o de 1 minuto e 30 segundos, ser&aacute; transmitido por cerca de 1.100 emissoras. Tamb&eacute;m ser&atilde;o produzidos tr&ecirc;s filmes de 30 segundos, a serem veiculados a partir de 4 de novembro, nos principais canais das TVs aberta e cabo . A campanha contar&aacute; tamb&eacute;m com um hotsite ( <a href=\"http:\/\/www.maisbrasil.gov.br\/\">www.maisbrasil.gov.br<\/a> ) e com inser&ccedil;&otilde;es publicit&aacute;rias nos grandes portais da internet, nas principais publica&ccedil;&otilde;es impressas e em ve&iacute;culos segmentados. A negocia&ccedil;&atilde;o de m&iacute;dia com os ve&iacute;culos ainda n&atilde;o foi conclu&iacute;da, mas a previs&atilde;o da Secom &eacute; que os an&uacute;ncios sejam publicados nos 350 maiores jornais do Brasil.<\/p>\n<p>As informa&ccedil;&otilde;es s&atilde;o da Coletiva.net.<\/p>\n","protected":false},"excerpt":{"rendered":"<p>A Secretaria de Comunica&ccedil;&atilde;o Social (Secom) lan&ccedil;ar&aacute; na pr&oacute;xima semana uma campanha informativa sobre programas sociais e pol&iacute;ticas p&uacute;blicas do Governo Federal. Sob o conceito &lsquo;Mais Brasil para mais brasileiros&rsquo;, a a&ccedil;&atilde;o tem um custo de R$ 38 milh&otilde;es. As pe&ccedil;as ser&atilde;o veiculadas ao longo de tr&ecirc;s meses em ve&iacute;culos de alcance nacional e regional &hellip; <a href=\"https:\/\/obscom.intervozes.org.br\/?p=19472\" class=\"more-link\">Continue lendo <span class=\"screen-reader-text\">Governo federal lan\u00e7a campanha publicit\u00e1ria de R$ 38 milh\u00f5es<\/span> <span class=\"meta-nav\">&rarr;<\/span><\/a><\/p>\n","protected":false},"author":1,"featured_media":0,"comment_status":"open","ping_status":"open","sticky":false,"template":"","format":"standard","meta":{"footnotes":""},"categories":[39],"tags":[],"_links":{"self":[{"href":"https:\/\/obscom.intervozes.org.br\/index.php?rest_route=\/wp\/v2\/posts\/19472"}],"collection":[{"href":"https:\/\/obscom.intervozes.org.br\/index.php?rest_route=\/wp\/v2\/posts"}],"about":[{"href":"https:\/\/obscom.intervozes.org.br\/index.php?rest_route=\/wp\/v2\/types\/post"}],"author":[{"embeddable":true,"href":"https:\/\/obscom.intervozes.org.br\/index.php?rest_route=\/wp\/v2\/users\/1"}],"replies":[{"embeddable":true,"href":"https:\/\/obscom.intervozes.org.br\/index.php?rest_route=%2Fwp%2Fv2%2Fcomments&post=19472"}],"version-history":[{"count":0,"href":"https:\/\/obscom.intervozes.org.br\/index.php?rest_route=\/wp\/v2\/posts\/19472\/revisions"}],"wp:attachment":[{"href":"https:\/\/obscom.intervozes.org.br\/index.php?rest_route=%2Fwp%2Fv2%2Fmedia&parent=19472"}],"wp:term":[{"taxonomy":"category","embeddable":true,"href":"https:\/\/obscom.intervozes.org.br\/index.php?rest_route=%2Fwp%2Fv2%2Fcategories&post=19472"},{"taxonomy":"post_tag","embeddable":true,"href":"https:\/\/obscom.intervozes.org.br\/index.php?rest_route=%2Fwp%2Fv2%2Ftags&post=19472"}],"curies":[{"name":"wp","href":"https:\/\/api.w.org\/{rel}","templated":true}]}}