{"id":19467,"date":"2007-10-10T18:27:26","date_gmt":"2007-10-10T18:27:26","guid":{"rendered":"https:\/\/obscom.intervozes.org.br\/wordpress\/?p=19467"},"modified":"2007-10-10T18:27:26","modified_gmt":"2007-10-10T18:27:26","slug":"telesur-e-tve-do-parara-firmam-acordo-para-compartilhar-programacao","status":"publish","type":"post","link":"https:\/\/obscom.intervozes.org.br\/?p=19467","title":{"rendered":"Telesur e TVE do Parar\u00e1 firmam acordo para compartilhar programa\u00e7\u00e3o"},"content":{"rendered":"<p style=\"margin: 0cm 0cm 0pt\" class=\"MsoNormal\"><span>O governador do Paran&aacute;, Roberto Requi&atilde;o (PMDB), confirmou o acordo com o presidente da Venezuela, Hugo Ch&aacute;vez, para transmiss&atilde;o de programas da Telesur (Nueva Televisi&oacute;n del Sur) na TV Educativa do estado. Em contrapartida, programas da TV Educativa sobre o Paran&aacute; ser&atilde;o transmitidos na Venezuela.&nbsp;<\/span><span>Ser&atilde;o seis horas di&aacute;rias de programa&ccedil;&atilde;o na TV Educativa e seis horas sobre o Paran&aacute; na Telesur.<\/span><\/p>\n","protected":false},"excerpt":{"rendered":"<p>O governador do Paran&aacute;, Roberto Requi&atilde;o (PMDB), confirmou o acordo com o presidente da Venezuela, Hugo Ch&aacute;vez, para transmiss&atilde;o de programas da Telesur (Nueva Televisi&oacute;n del Sur) na TV Educativa do estado. Em contrapartida, programas da TV Educativa sobre o Paran&aacute; ser&atilde;o transmitidos na Venezuela.&nbsp;Ser&atilde;o seis horas di&aacute;rias de programa&ccedil;&atilde;o na TV Educativa e seis &hellip; <a href=\"https:\/\/obscom.intervozes.org.br\/?p=19467\" class=\"more-link\">Continue lendo <span class=\"screen-reader-text\">Telesur e TVE do Parar\u00e1 firmam acordo para compartilhar programa\u00e7\u00e3o<\/span> <span class=\"meta-nav\">&rarr;<\/span><\/a><\/p>\n","protected":false},"author":1,"featured_media":0,"comment_status":"open","ping_status":"open","sticky":false,"template":"","format":"standard","meta":{"footnotes":""},"categories":[39],"tags":[],"_links":{"self":[{"href":"https:\/\/obscom.intervozes.org.br\/index.php?rest_route=\/wp\/v2\/posts\/19467"}],"collection":[{"href":"https:\/\/obscom.intervozes.org.br\/index.php?rest_route=\/wp\/v2\/posts"}],"about":[{"href":"https:\/\/obscom.intervozes.org.br\/index.php?rest_route=\/wp\/v2\/types\/post"}],"author":[{"embeddable":true,"href":"https:\/\/obscom.intervozes.org.br\/index.php?rest_route=\/wp\/v2\/users\/1"}],"replies":[{"embeddable":true,"href":"https:\/\/obscom.intervozes.org.br\/index.php?rest_route=%2Fwp%2Fv2%2Fcomments&post=19467"}],"version-history":[{"count":0,"href":"https:\/\/obscom.intervozes.org.br\/index.php?rest_route=\/wp\/v2\/posts\/19467\/revisions"}],"wp:attachment":[{"href":"https:\/\/obscom.intervozes.org.br\/index.php?rest_route=%2Fwp%2Fv2%2Fmedia&parent=19467"}],"wp:term":[{"taxonomy":"category","embeddable":true,"href":"https:\/\/obscom.intervozes.org.br\/index.php?rest_route=%2Fwp%2Fv2%2Fcategories&post=19467"},{"taxonomy":"post_tag","embeddable":true,"href":"https:\/\/obscom.intervozes.org.br\/index.php?rest_route=%2Fwp%2Fv2%2Ftags&post=19467"}],"curies":[{"name":"wp","href":"https:\/\/api.w.org\/{rel}","templated":true}]}}