{"id":19466,"date":"2007-10-10T13:12:39","date_gmt":"2007-10-10T13:12:39","guid":{"rendered":"https:\/\/obscom.intervozes.org.br\/wordpress\/?p=19466"},"modified":"2007-10-10T13:12:39","modified_gmt":"2007-10-10T13:12:39","slug":"ministerio-das-comunicacoes-envia-processos-de-renovacao-de-concessoes-para-casa-civil","status":"publish","type":"post","link":"https:\/\/obscom.intervozes.org.br\/?p=19466","title":{"rendered":"Minist\u00e9rio das Comunica\u00e7\u00f5es envia processos de renova\u00e7\u00e3o de concess\u00f5es para Casa Civil"},"content":{"rendered":"<p>Segundo M&ocirc;nica Bergamo, da Folha de S. Paulo,&nbsp;o Minist&eacute;rio das Comunica&ccedil;&otilde;es despachou ontem (9\/10) para&nbsp;a Casa Civil o processo de renova&ccedil;&atilde;o de algumas das concess&otilde;es de emissoras que venceram na sexta-feira, 5. Entre outras, as da Globo e SBT. Falta ainda a da Record. Segundo a jornalista, a explica&ccedil;&atilde;o da equipe do ministro H&eacute;lio Costa para que a Record ficasse de fora &eacute; que a Anatel ainda n&atilde;o tinha finalizado um laudo de vistoria na TV do bispo Edir Macedo.<\/p>\n","protected":false},"excerpt":{"rendered":"<p>Segundo M&ocirc;nica Bergamo, da Folha de S. Paulo,&nbsp;o Minist&eacute;rio das Comunica&ccedil;&otilde;es despachou ontem (9\/10) para&nbsp;a Casa Civil o processo de renova&ccedil;&atilde;o de algumas das concess&otilde;es de emissoras que venceram na sexta-feira, 5. Entre outras, as da Globo e SBT. Falta ainda a da Record. Segundo a jornalista, a explica&ccedil;&atilde;o da equipe do ministro H&eacute;lio Costa &hellip; <a href=\"https:\/\/obscom.intervozes.org.br\/?p=19466\" class=\"more-link\">Continue lendo <span class=\"screen-reader-text\">Minist\u00e9rio das Comunica\u00e7\u00f5es envia processos de renova\u00e7\u00e3o de concess\u00f5es para Casa Civil<\/span> <span class=\"meta-nav\">&rarr;<\/span><\/a><\/p>\n","protected":false},"author":1,"featured_media":0,"comment_status":"open","ping_status":"open","sticky":false,"template":"","format":"standard","meta":{"footnotes":""},"categories":[39],"tags":[],"_links":{"self":[{"href":"https:\/\/obscom.intervozes.org.br\/index.php?rest_route=\/wp\/v2\/posts\/19466"}],"collection":[{"href":"https:\/\/obscom.intervozes.org.br\/index.php?rest_route=\/wp\/v2\/posts"}],"about":[{"href":"https:\/\/obscom.intervozes.org.br\/index.php?rest_route=\/wp\/v2\/types\/post"}],"author":[{"embeddable":true,"href":"https:\/\/obscom.intervozes.org.br\/index.php?rest_route=\/wp\/v2\/users\/1"}],"replies":[{"embeddable":true,"href":"https:\/\/obscom.intervozes.org.br\/index.php?rest_route=%2Fwp%2Fv2%2Fcomments&post=19466"}],"version-history":[{"count":0,"href":"https:\/\/obscom.intervozes.org.br\/index.php?rest_route=\/wp\/v2\/posts\/19466\/revisions"}],"wp:attachment":[{"href":"https:\/\/obscom.intervozes.org.br\/index.php?rest_route=%2Fwp%2Fv2%2Fmedia&parent=19466"}],"wp:term":[{"taxonomy":"category","embeddable":true,"href":"https:\/\/obscom.intervozes.org.br\/index.php?rest_route=%2Fwp%2Fv2%2Fcategories&post=19466"},{"taxonomy":"post_tag","embeddable":true,"href":"https:\/\/obscom.intervozes.org.br\/index.php?rest_route=%2Fwp%2Fv2%2Ftags&post=19466"}],"curies":[{"name":"wp","href":"https:\/\/api.w.org\/{rel}","templated":true}]}}