{"id":19460,"date":"2007-10-10T12:50:04","date_gmt":"2007-10-10T12:50:04","guid":{"rendered":"https:\/\/obscom.intervozes.org.br\/wordpress\/?p=19460"},"modified":"2007-10-10T12:50:04","modified_gmt":"2007-10-10T12:50:04","slug":"ministerio-das-comunicacoes-ainda-nao-tem-nomes-para-vaga-de-leite","status":"publish","type":"post","link":"https:\/\/obscom.intervozes.org.br\/?p=19460","title":{"rendered":"Minist\u00e9rio das Comunica\u00e7\u00f5es ainda n\u00e3o tem nomes para vaga de Leite"},"content":{"rendered":"<p>Faltando menos de um m&ecirc;s para o t&eacute;rmino do mandato do conselheiro Jos&eacute; Leite Pereira Filho &#8211; o &uacute;ltimo pertencente ao primeiro grupo de comando da Anatel -, o Minist&eacute;rio das Comunica&ccedil;&otilde;es segue sem nomes para substitu&iacute;-lo. A id&eacute;ia de reconduzi-lo ao cargo parece ter sido descartada pelo governo por conta de uma decis&atilde;o do pr&oacute;prio Leite. &quot;Tecnicamente poderia, mas perguntei se ele tinha interesse e ele mesmo me disse que n&atilde;o tem&quot;, afirmou o ministro H&eacute;lio Costa nesta ter&ccedil;a-feira, 9.<\/p>\n<p>O ministro n&atilde;o explicou qual o respaldo legal para a possibilidade de recondu&ccedil;&atilde;o, j&aacute; que a Lei Geral de Telecomunica&ccedil;&otilde;es (LGT) e o decreto 2.338\/97, que estabelece o regimento da ag&ecirc;ncia, n&atilde;o permite o ac&uacute;mulo de mandatos. Pela LGT, em seu artigo 24, &quot;o mandato dos membros do Conselho Diretor ser&aacute; de cinco anos, vedada a recondu&ccedil;&atilde;o&quot;. O texto &eacute; repetido integralmente no artigo 22 do decreto. &quot;N&atilde;o vou entrar em detalhes sobre esse assunto porque ele n&atilde;o est&aacute; sendo discutido&quot;, disse o ministro.<\/p>\n<p>Costa afirmou que a escolha do sucessor de Leite deve fazer parte da pauta do minist&eacute;rio nas pr&oacute;ximas semanas. &quot;N&atilde;o temos sugest&atilde;o de nomes ainda&quot;, afirmou o ministro. &quot;Nas pr&oacute;ximas semanas dever&aacute; ser colocado na pauta porque o mandato do conselheiro termina em novembro&quot;, concluiu. <\/p>\n","protected":false},"excerpt":{"rendered":"<p>Faltando menos de um m&ecirc;s para o t&eacute;rmino do mandato do conselheiro Jos&eacute; Leite Pereira Filho &#8211; o &uacute;ltimo pertencente ao primeiro grupo de comando da Anatel -, o Minist&eacute;rio das Comunica&ccedil;&otilde;es segue sem nomes para substitu&iacute;-lo. A id&eacute;ia de reconduzi-lo ao cargo parece ter sido descartada pelo governo por conta de uma decis&atilde;o do &hellip; <a href=\"https:\/\/obscom.intervozes.org.br\/?p=19460\" class=\"more-link\">Continue lendo <span class=\"screen-reader-text\">Minist\u00e9rio das Comunica\u00e7\u00f5es ainda n\u00e3o tem nomes para vaga de Leite<\/span> <span class=\"meta-nav\">&rarr;<\/span><\/a><\/p>\n","protected":false},"author":1,"featured_media":0,"comment_status":"open","ping_status":"open","sticky":false,"template":"","format":"standard","meta":{"footnotes":""},"categories":[40],"tags":[152],"_links":{"self":[{"href":"https:\/\/obscom.intervozes.org.br\/index.php?rest_route=\/wp\/v2\/posts\/19460"}],"collection":[{"href":"https:\/\/obscom.intervozes.org.br\/index.php?rest_route=\/wp\/v2\/posts"}],"about":[{"href":"https:\/\/obscom.intervozes.org.br\/index.php?rest_route=\/wp\/v2\/types\/post"}],"author":[{"embeddable":true,"href":"https:\/\/obscom.intervozes.org.br\/index.php?rest_route=\/wp\/v2\/users\/1"}],"replies":[{"embeddable":true,"href":"https:\/\/obscom.intervozes.org.br\/index.php?rest_route=%2Fwp%2Fv2%2Fcomments&post=19460"}],"version-history":[{"count":0,"href":"https:\/\/obscom.intervozes.org.br\/index.php?rest_route=\/wp\/v2\/posts\/19460\/revisions"}],"wp:attachment":[{"href":"https:\/\/obscom.intervozes.org.br\/index.php?rest_route=%2Fwp%2Fv2%2Fmedia&parent=19460"}],"wp:term":[{"taxonomy":"category","embeddable":true,"href":"https:\/\/obscom.intervozes.org.br\/index.php?rest_route=%2Fwp%2Fv2%2Fcategories&post=19460"},{"taxonomy":"post_tag","embeddable":true,"href":"https:\/\/obscom.intervozes.org.br\/index.php?rest_route=%2Fwp%2Fv2%2Ftags&post=19460"}],"curies":[{"name":"wp","href":"https:\/\/api.w.org\/{rel}","templated":true}]}}