{"id":19451,"date":"2007-10-09T14:26:21","date_gmt":"2007-10-09T14:26:21","guid":{"rendered":"https:\/\/obscom.intervozes.org.br\/wordpress\/?p=19451"},"modified":"2007-10-09T14:26:21","modified_gmt":"2007-10-09T14:26:21","slug":"liminar-do-stj-mantem-cobranca-de-assinatura-basica","status":"publish","type":"post","link":"https:\/\/obscom.intervozes.org.br\/?p=19451","title":{"rendered":"Liminar do STJ mant\u00e9m cobran\u00e7a de assinatura b\u00e1sica"},"content":{"rendered":"<p>O presidente do Superior Tribunal de Justi&ccedil;a, ministro Raphael de Barros Monteiro Filho, atendeu a pedido da Brasil Telecom e suspendeu a liminar e a senten&ccedil;a do Tribunal de Justi&ccedil;a do Paran&aacute; que consideraram ilegal a cobran&ccedil;a de assinatura b&aacute;sica de telefone. O m&eacute;rito da quest&atilde;o est&aacute; em julgamento na 1&ordf; Se&ccedil;&atilde;o do STJ e, at&eacute; esta data, dois ministros votaram pela legalidade da cobran&ccedil;a. Com a decis&atilde;o, a concession&aacute;ria ter&aacute; o direito de continuar cobrando assinatura b&aacute;sica mensal no servi&ccedil;o de telefonia fixa prestado no Paran&aacute;. <\/p>\n<p>No pedido ao STJ, a Brasil Telecom alegou grave les&atilde;o &agrave; ordem e&agrave; economia p&uacute;blica. O ministro Barros Monteiro considerou ser ineg&aacute;vel a &#39;potencialidade lesiva&#39; &agrave; economia p&uacute;blica, conforme j&aacute; foi decidido pela Corte Especial em outro pedido id&ecirc;ntico. <\/p>\n<p>As informa&ccedil;&otilde;es s&atilde;o do Consultor Jur&iacute;dico.<\/p>\n","protected":false},"excerpt":{"rendered":"<p>O presidente do Superior Tribunal de Justi&ccedil;a, ministro Raphael de Barros Monteiro Filho, atendeu a pedido da Brasil Telecom e suspendeu a liminar e a senten&ccedil;a do Tribunal de Justi&ccedil;a do Paran&aacute; que consideraram ilegal a cobran&ccedil;a de assinatura b&aacute;sica de telefone. O m&eacute;rito da quest&atilde;o est&aacute; em julgamento na 1&ordf; Se&ccedil;&atilde;o do STJ e, &hellip; <a href=\"https:\/\/obscom.intervozes.org.br\/?p=19451\" class=\"more-link\">Continue lendo <span class=\"screen-reader-text\">Liminar do STJ mant\u00e9m cobran\u00e7a de assinatura b\u00e1sica<\/span> <span class=\"meta-nav\">&rarr;<\/span><\/a><\/p>\n","protected":false},"author":1,"featured_media":0,"comment_status":"open","ping_status":"open","sticky":false,"template":"","format":"standard","meta":{"footnotes":""},"categories":[39],"tags":[],"_links":{"self":[{"href":"https:\/\/obscom.intervozes.org.br\/index.php?rest_route=\/wp\/v2\/posts\/19451"}],"collection":[{"href":"https:\/\/obscom.intervozes.org.br\/index.php?rest_route=\/wp\/v2\/posts"}],"about":[{"href":"https:\/\/obscom.intervozes.org.br\/index.php?rest_route=\/wp\/v2\/types\/post"}],"author":[{"embeddable":true,"href":"https:\/\/obscom.intervozes.org.br\/index.php?rest_route=\/wp\/v2\/users\/1"}],"replies":[{"embeddable":true,"href":"https:\/\/obscom.intervozes.org.br\/index.php?rest_route=%2Fwp%2Fv2%2Fcomments&post=19451"}],"version-history":[{"count":0,"href":"https:\/\/obscom.intervozes.org.br\/index.php?rest_route=\/wp\/v2\/posts\/19451\/revisions"}],"wp:attachment":[{"href":"https:\/\/obscom.intervozes.org.br\/index.php?rest_route=%2Fwp%2Fv2%2Fmedia&parent=19451"}],"wp:term":[{"taxonomy":"category","embeddable":true,"href":"https:\/\/obscom.intervozes.org.br\/index.php?rest_route=%2Fwp%2Fv2%2Fcategories&post=19451"},{"taxonomy":"post_tag","embeddable":true,"href":"https:\/\/obscom.intervozes.org.br\/index.php?rest_route=%2Fwp%2Fv2%2Ftags&post=19451"}],"curies":[{"name":"wp","href":"https:\/\/api.w.org\/{rel}","templated":true}]}}