{"id":19444,"date":"2007-10-09T12:44:22","date_gmt":"2007-10-09T12:44:22","guid":{"rendered":"https:\/\/obscom.intervozes.org.br\/wordpress\/?p=19444"},"modified":"2007-10-09T12:44:22","modified_gmt":"2007-10-09T12:44:22","slug":"radios-comunitarias-fazem-bem-a-saude-conclui-pesquisa-da-usp","status":"publish","type":"post","link":"https:\/\/obscom.intervozes.org.br\/?p=19444","title":{"rendered":"R\u00e1dios Comunit\u00e1rias fazem bem \u00e0 sa\u00fade, conclui pesquisa da USP"},"content":{"rendered":"<div><em>Se por um lado, alguns afirmam que R&aacute;dios Comunit&aacute;rias podem derrubar avi&otilde;es, pesquisa realizada na USP conclui que as mesmas podem ser grandes aliadas na elimina&ccedil;&atilde;o, redu&ccedil;&atilde;o ou preven&ccedil;&atilde;o de riscos sanit&aacute;rios.<\/p>\n<p><\/em>Analisar via programa&ccedil;&atilde;o das r&aacute;dios comunit&aacute;rias: &quot;8 de Dezembro&quot; situada na Cidade de Vargem Grande Paulista e &quot;Cantareira&quot;, situada na Vila Brasil&acirc;ndia, munic&iacute;pio de S&atilde;o Paulo e junto aos discursos de seus ouvintes, como se d&aacute; a comunica&ccedil;&atilde;o de riscos sanit&aacute;rios inerentes ao campo da vigil&acirc;ncia sanit&aacute;ria e qual &eacute; a influ&ecirc;ncia destas mensagens nos h&aacute;bitos cotidianos desses ouvintes, foi o objetivo da disserta&ccedil;&atilde;o de mestrado &quot; A contribui&ccedil;&atilde;o da comunica&ccedil;&atilde;o para a sa&uacute;de: Estudo de comunica&ccedil;&atilde;o de risco via r&aacute;dio na Cidade de S&atilde;o Paulo&quot;, defendida pelo publicit&aacute;rio Marcellus William Janes, na Faculdade de Sa&uacute;de P&uacute;blica (FSP) da USP, no &uacute;ltimo dia 05 de Setembro de 2007.<\/p>\n<p>O resultado da pesquisa identificou nas r&aacute;dios analisadas grande rela&ccedil;&atilde;o com suas comunidades e a percep&ccedil;&atilde;o do sentimento de posse que os mesmo tem pelas r&aacute;dios. As popula&ccedil;&otilde;es do entorno de abrang&ecirc;ncia das r&aacute;dios v&ecirc;em nas mesmas, aliadas na comunica&ccedil;&atilde;o de riscos a que est&atilde;o expostos.<\/p>\n<p>Dentro desse quadro, a pesquisa concluiu que as r&aacute;dios comunit&aacute;rias podem ser um espa&ccedil;o de comunica&ccedil;&atilde;o em sa&uacute;de p&uacute;blica atrav&eacute;s de processos educomunicativos, ou seja, processos onde a comunica&ccedil;&atilde;o tem papel educativo sobre a popula&ccedil;&atilde;o, estimulando uma comunica&ccedil;&atilde;o de riscos sanit&aacute;rios mais eficiente e democr&aacute;tica, enquanto formador de cidadania. Na educomunica&ccedil;&atilde;o, a recep&ccedil;&atilde;o &eacute; cr&iacute;tica e interage com a emiss&atilde;o, resignificando a mensagem, a partir de sua experi&ecirc;ncia de vida local, social, cultural, educacional, religiosa, etc.<\/p><\/div>\n","protected":false},"excerpt":{"rendered":"<p>Se por um lado, alguns afirmam que R&aacute;dios Comunit&aacute;rias podem derrubar avi&otilde;es, pesquisa realizada na USP conclui que as mesmas podem ser grandes aliadas na elimina&ccedil;&atilde;o, redu&ccedil;&atilde;o ou preven&ccedil;&atilde;o de riscos sanit&aacute;rios. Analisar via programa&ccedil;&atilde;o das r&aacute;dios comunit&aacute;rias: &quot;8 de Dezembro&quot; situada na Cidade de Vargem Grande Paulista e &quot;Cantareira&quot;, situada na Vila Brasil&acirc;ndia, munic&iacute;pio &hellip; <a href=\"https:\/\/obscom.intervozes.org.br\/?p=19444\" class=\"more-link\">Continue lendo <span class=\"screen-reader-text\">R\u00e1dios Comunit\u00e1rias fazem bem \u00e0 sa\u00fade, conclui pesquisa da USP<\/span> <span class=\"meta-nav\">&rarr;<\/span><\/a><\/p>\n","protected":false},"author":1,"featured_media":0,"comment_status":"open","ping_status":"open","sticky":false,"template":"","format":"standard","meta":{"footnotes":""},"categories":[40],"tags":[251],"_links":{"self":[{"href":"https:\/\/obscom.intervozes.org.br\/index.php?rest_route=\/wp\/v2\/posts\/19444"}],"collection":[{"href":"https:\/\/obscom.intervozes.org.br\/index.php?rest_route=\/wp\/v2\/posts"}],"about":[{"href":"https:\/\/obscom.intervozes.org.br\/index.php?rest_route=\/wp\/v2\/types\/post"}],"author":[{"embeddable":true,"href":"https:\/\/obscom.intervozes.org.br\/index.php?rest_route=\/wp\/v2\/users\/1"}],"replies":[{"embeddable":true,"href":"https:\/\/obscom.intervozes.org.br\/index.php?rest_route=%2Fwp%2Fv2%2Fcomments&post=19444"}],"version-history":[{"count":0,"href":"https:\/\/obscom.intervozes.org.br\/index.php?rest_route=\/wp\/v2\/posts\/19444\/revisions"}],"wp:attachment":[{"href":"https:\/\/obscom.intervozes.org.br\/index.php?rest_route=%2Fwp%2Fv2%2Fmedia&parent=19444"}],"wp:term":[{"taxonomy":"category","embeddable":true,"href":"https:\/\/obscom.intervozes.org.br\/index.php?rest_route=%2Fwp%2Fv2%2Fcategories&post=19444"},{"taxonomy":"post_tag","embeddable":true,"href":"https:\/\/obscom.intervozes.org.br\/index.php?rest_route=%2Fwp%2Fv2%2Ftags&post=19444"}],"curies":[{"name":"wp","href":"https:\/\/api.w.org\/{rel}","templated":true}]}}