{"id":19437,"date":"2007-10-08T13:35:35","date_gmt":"2007-10-08T13:35:35","guid":{"rendered":"https:\/\/obscom.intervozes.org.br\/wordpress\/?p=19437"},"modified":"2007-10-08T13:35:35","modified_gmt":"2007-10-08T13:35:35","slug":"comissao-aprova-fiscalizacao-de-telecomunicacoes-no-acre","status":"publish","type":"post","link":"https:\/\/obscom.intervozes.org.br\/?p=19437","title":{"rendered":"Comiss\u00e3o aprova fiscaliza\u00e7\u00e3o de telecomunica\u00e7\u00f5es no Acre"},"content":{"rendered":"<p>A Comiss&atilde;o de Fiscaliza&ccedil;&atilde;o Financeira e Controle decidiu encaminhar ao Tribunal de Contas da Uni&atilde;o pedido de fiscaliza&ccedil;&atilde;o dos procedimentos da Ag&ecirc;ncia Nacional de Telecomunica&ccedil;&otilde;es (Anatel) no Acre. A proposta (PFC 5\/07) foi feita pela deputada Perp&eacute;tua Almeida (PCdoB-AC) e aprovada nesta semana. <\/p>\n<p>O relator, deputado Praciano (PT-AM), apresentou parecer favor&aacute;vel. Segundo ele, dados fornecidos pela autora da proposta mostram que a empresa Brasil Telecom, que controla grande parte do mercado de transmiss&atilde;o de internet banda larga no Acre, &quot;n&atilde;o vem prestando o servi&ccedil;o de forma adequada&quot;, prejudicando usu&aacute;rios dom&eacute;sticos, &oacute;rg&atilde;os governamentais e o com&eacute;rcio. O relator ainda lembra que tamb&eacute;m &eacute; grande o n&uacute;mero de reclama&ccedil;&otilde;es em rela&ccedil;&atilde;o aos servi&ccedil;os de telefonia m&oacute;vel e fixa da empresa.<\/p>\n<p>O relator destacou que o resultado da apura&ccedil;&atilde;o do TCU, caso sejam comprovadas irregularidades, poder&aacute; resultar em eventual responsabiliza&ccedil;&atilde;o de integrantes da Anatel e em propostas para aperfei&ccedil;oamento dos procedimentos de regula&ccedil;&atilde;o. &quot;Sob os &acirc;ngulos econ&ocirc;mico e social, poder&aacute; haver impactos positivos sobre a qualidade dos servi&ccedil;os prestados pelas referidas empresas&quot;, concluiu.<\/p>\n<p>Perp&eacute;tua Almeida lembra, em sua justificativa, que a Lei Geral das Telecomunica&ccedil;&otilde;es (9.472\/97) estabelece que o usu&aacute;rios t&ecirc;m direito de acesso aos servi&ccedil;os, &quot;com padr&otilde;es de qualidade e regularidade adequados &agrave; sua natureza, em qualquer ponto do territ&oacute;rio nacional&quot;.<\/p>\n","protected":false},"excerpt":{"rendered":"<p>A Comiss&atilde;o de Fiscaliza&ccedil;&atilde;o Financeira e Controle decidiu encaminhar ao Tribunal de Contas da Uni&atilde;o pedido de fiscaliza&ccedil;&atilde;o dos procedimentos da Ag&ecirc;ncia Nacional de Telecomunica&ccedil;&otilde;es (Anatel) no Acre. A proposta (PFC 5\/07) foi feita pela deputada Perp&eacute;tua Almeida (PCdoB-AC) e aprovada nesta semana. O relator, deputado Praciano (PT-AM), apresentou parecer favor&aacute;vel. Segundo ele, dados fornecidos &hellip; <a href=\"https:\/\/obscom.intervozes.org.br\/?p=19437\" class=\"more-link\">Continue lendo <span class=\"screen-reader-text\">Comiss\u00e3o aprova fiscaliza\u00e7\u00e3o de telecomunica\u00e7\u00f5es no Acre<\/span> <span class=\"meta-nav\">&rarr;<\/span><\/a><\/p>\n","protected":false},"author":1,"featured_media":0,"comment_status":"open","ping_status":"open","sticky":false,"template":"","format":"standard","meta":{"footnotes":""},"categories":[40],"tags":[466],"_links":{"self":[{"href":"https:\/\/obscom.intervozes.org.br\/index.php?rest_route=\/wp\/v2\/posts\/19437"}],"collection":[{"href":"https:\/\/obscom.intervozes.org.br\/index.php?rest_route=\/wp\/v2\/posts"}],"about":[{"href":"https:\/\/obscom.intervozes.org.br\/index.php?rest_route=\/wp\/v2\/types\/post"}],"author":[{"embeddable":true,"href":"https:\/\/obscom.intervozes.org.br\/index.php?rest_route=\/wp\/v2\/users\/1"}],"replies":[{"embeddable":true,"href":"https:\/\/obscom.intervozes.org.br\/index.php?rest_route=%2Fwp%2Fv2%2Fcomments&post=19437"}],"version-history":[{"count":0,"href":"https:\/\/obscom.intervozes.org.br\/index.php?rest_route=\/wp\/v2\/posts\/19437\/revisions"}],"wp:attachment":[{"href":"https:\/\/obscom.intervozes.org.br\/index.php?rest_route=%2Fwp%2Fv2%2Fmedia&parent=19437"}],"wp:term":[{"taxonomy":"category","embeddable":true,"href":"https:\/\/obscom.intervozes.org.br\/index.php?rest_route=%2Fwp%2Fv2%2Fcategories&post=19437"},{"taxonomy":"post_tag","embeddable":true,"href":"https:\/\/obscom.intervozes.org.br\/index.php?rest_route=%2Fwp%2Fv2%2Ftags&post=19437"}],"curies":[{"name":"wp","href":"https:\/\/api.w.org\/{rel}","templated":true}]}}