{"id":19432,"date":"2007-10-08T13:12:13","date_gmt":"2007-10-08T13:12:13","guid":{"rendered":"https:\/\/obscom.intervozes.org.br\/wordpress\/?p=19432"},"modified":"2007-10-08T13:12:13","modified_gmt":"2007-10-08T13:12:13","slug":"governo-pode-usar-eletronet-caso-teles-nao-facam-inclusao-digital","status":"publish","type":"post","link":"https:\/\/obscom.intervozes.org.br\/?p=19432","title":{"rendered":"Governo pode usar Eletronet caso teles n\u00e3o fa\u00e7am inclus\u00e3o digital"},"content":{"rendered":"<p>As cr&iacute;ticas feitas pelo presidente da TIM, Mario Cesar Araujo, ao uso de estrat&eacute;gias que n&atilde;o funcionaram no passado &#8211; caso da Eletronet &#8211; n&atilde;o criou constrangimento aos representantes do governo no Futurecom 2007. <\/p>\n<p>Diante de uma plat&eacute;ia basicamente formada por representantes de empresas de telefonia e fabricantes de equipamentos para redes, o Assessor Especial do Presidente Lula e Coordenador do Programa de Inclus&atilde;o Digital, Cesar Alvarez, fez um alerta: O governo n&atilde;o descarta a possibilidade de utilizar o backbone de 16 mil quil&ocirc;metros da Eletronet, como uma alternativa para levar a banda larga a todos os seus projetos de inclus&atilde;o digital. <\/p>\n<p>&quot;O jogo est&aacute; sendo jogado. H&aacute; diferentes atores com diferentes ativos (&#8230;) Eu n&atilde;o posso simplesmente descartar 25 mil quil&ocirc;metros de boa rede&quot;, alertou Alvarez. Al&eacute;m disso, o Coordenador de Inclus&atilde;o Digital tamb&eacute;m lembrou que o governo pode usar dos seus poderes de compra e normativos, para cobrar das empresas um retorno social que n&atilde;o ocorreu ap&oacute;s a privatiza&ccedil;&atilde;o. <\/p>\n<p>&quot;Tem tanto a moeda do pre&ccedil;o n&atilde;o pago ainda &eacute;poca da privatiza&ccedil;&atilde;o como a possibilidade de mais faturamento&quot;, explicou. Depois do alerta, Alvarez amenizou o discurso. Disse que a proposta estudada pelo Minist&eacute;rio das Comunica&ccedil;&otilde;es de substituir os PSTs &#8211; Postos de Servi&ccedil;os de Telecomunica&ccedil;&otilde;es &#8211; por uma rede de banda larga nacional pode ser um projeto complementar ao da Eletronet, numa parceria entre governo e a iniciativa privada.<\/p>\n<p>&quot;Eu trabalho no sentido que haja uma complementariedade&quot;, destacou o coordenador, que entretanto n&atilde;o fez coment&aacute;rios quanto ao problema do passivo da Eletronet, estimado em mais R$ 600 milh&otilde;es, preju&iacute;zo acumulado nos &uacute;ltimos anos, ap&oacute;s a decreta&ccedil;&atilde;o de sua fal&ecirc;ncia.<\/p>\n<p>Essas e outras quest&otilde;es relativas &agrave; inclus&atilde;o digital dever&atilde;o ser tratadas numa reni&atilde;o que ocorrer&aacute; no pr&oacute;ximo dia 8, no Pal&aacute;cio do Planalto, entre os principais &oacute;rg&atilde;os do governo ligados ao tema. dever&atilde;o estar presentes, representantes dos Minist&eacute;rios das Comunica&ccedil;&otilde;es, do Planejamento, da Ci&ecirc;ncia e Tecnologia, do Serpro, entre outros &oacute;rg&atilde;os federais.<\/p>\n","protected":false},"excerpt":{"rendered":"<p>As cr&iacute;ticas feitas pelo presidente da TIM, Mario Cesar Araujo, ao uso de estrat&eacute;gias que n&atilde;o funcionaram no passado &#8211; caso da Eletronet &#8211; n&atilde;o criou constrangimento aos representantes do governo no Futurecom 2007. Diante de uma plat&eacute;ia basicamente formada por representantes de empresas de telefonia e fabricantes de equipamentos para redes, o Assessor Especial &hellip; <a href=\"https:\/\/obscom.intervozes.org.br\/?p=19432\" class=\"more-link\">Continue lendo <span class=\"screen-reader-text\">Governo pode usar Eletronet caso teles n\u00e3o fa\u00e7am inclus\u00e3o digital<\/span> <span class=\"meta-nav\">&rarr;<\/span><\/a><\/p>\n","protected":false},"author":1,"featured_media":0,"comment_status":"open","ping_status":"open","sticky":false,"template":"","format":"standard","meta":{"footnotes":""},"categories":[40],"tags":[405],"_links":{"self":[{"href":"https:\/\/obscom.intervozes.org.br\/index.php?rest_route=\/wp\/v2\/posts\/19432"}],"collection":[{"href":"https:\/\/obscom.intervozes.org.br\/index.php?rest_route=\/wp\/v2\/posts"}],"about":[{"href":"https:\/\/obscom.intervozes.org.br\/index.php?rest_route=\/wp\/v2\/types\/post"}],"author":[{"embeddable":true,"href":"https:\/\/obscom.intervozes.org.br\/index.php?rest_route=\/wp\/v2\/users\/1"}],"replies":[{"embeddable":true,"href":"https:\/\/obscom.intervozes.org.br\/index.php?rest_route=%2Fwp%2Fv2%2Fcomments&post=19432"}],"version-history":[{"count":0,"href":"https:\/\/obscom.intervozes.org.br\/index.php?rest_route=\/wp\/v2\/posts\/19432\/revisions"}],"wp:attachment":[{"href":"https:\/\/obscom.intervozes.org.br\/index.php?rest_route=%2Fwp%2Fv2%2Fmedia&parent=19432"}],"wp:term":[{"taxonomy":"category","embeddable":true,"href":"https:\/\/obscom.intervozes.org.br\/index.php?rest_route=%2Fwp%2Fv2%2Fcategories&post=19432"},{"taxonomy":"post_tag","embeddable":true,"href":"https:\/\/obscom.intervozes.org.br\/index.php?rest_route=%2Fwp%2Fv2%2Ftags&post=19432"}],"curies":[{"name":"wp","href":"https:\/\/api.w.org\/{rel}","templated":true}]}}