{"id":19426,"date":"2007-10-08T11:54:06","date_gmt":"2007-10-08T11:54:06","guid":{"rendered":"https:\/\/obscom.intervozes.org.br\/wordpress\/?p=19426"},"modified":"2007-10-08T11:54:06","modified_gmt":"2007-10-08T11:54:06","slug":"em-nota-psol-apoia-campanha-por-democratizacao-das-concessoes","status":"publish","type":"post","link":"https:\/\/obscom.intervozes.org.br\/?p=19426","title":{"rendered":"Em nota, PSOL ap\u00f3ia campanha por democratiza\u00e7\u00e3o das concess\u00f5es"},"content":{"rendered":"<p><span>O Partido Socialismo e Liberdade (PSOL) divulgou na &uacute;ltima semana nota em que&nbsp;declara apoio&nbsp;&agrave;s manifesta&ccedil;&otilde;es ocorridas na sexta-feira (5\/10), data em que foi lan&ccedil;ada nacionalmente a Campanha por Democracia e Transpar&ecirc;ncia nas Concess&otilde;es de R&aacute;dio e TV.<\/span><span>&nbsp;<\/p>\n<p><\/span><span>Leia a <\/span><span>&iacute;ntegra da nota divulgada pelo setorial de comunica&ccedil;&atilde;o do partido.<\/span><span>&nbsp;<\/span><span>&nbsp;<\/p>\n<p><\/span><span>*<\/p>\n<p><\/span><span>No dia 5 de outubro, vencem as concess&otilde;es de algumas das principais emissoras de televis&atilde;o do pa&iacute;s (Globo, RBS, Record, SBT). Este &eacute;, portanto, um momento adequado para denunciar a escandalosa concentra&ccedil;&atilde;o da propriedade dos meios de comunica&ccedil;&atilde;o no pa&iacute;s. Historicamente, as concess&otilde;es de canais de TV, atribui&ccedil;&atilde;o legal da Uni&atilde;o, s&atilde;o renovadas automaticamente, sem qualquer debate com a sociedade, ou an&aacute;lise do servi&ccedil;o cumprido por estas emissoras.<br \/><\/span><span><br \/>Os grandes grupos econ&ocirc;micos&nbsp; em que se converteram esses privilegiados&nbsp; concession&aacute;rios de um bem p&uacute;blico (os canais ou freq&uuml;&ecirc;ncias de transmiss&atilde;o)&nbsp; recha&ccedil;am qualquer possibilidade de debate com participa&ccedil;&atilde;o popular sobre as concess&otilde;es e mais ainda uma discuss&atilde;o sobre seus deveres como concession&aacute;rios. Embora a Constitui&ccedil;&atilde;o pro&iacute;ba o oligop&oacute;lio (propriedade nas m&atilde;os de poucos) dos meios de comunica&ccedil;&atilde;o, as mesmas empresas det&ecirc;m jornais, revistas, r&aacute;dios e TVs em todo o pa&iacute;s. Eles se op&otilde;em, com a poderos&iacute;ssima moeda pol&iacute;tica do controle da m&iacute;dia, a qualquer forma de regulamenta&ccedil;&atilde;o da comunica&ccedil;&atilde;o social.<\/span><span><\/p>\n<p>A cada tentativa de debater as concess&otilde;es, ou de regulamentar qualquer aspecto do uso dos canais (como no recente epis&oacute;dio da classifica&ccedil;&atilde;o indicativa por hor&aacute;rio), os bar&otilde;es da m&iacute;dia e seus funcion&aacute;rios mais graduados levantam a bandeira da &ldquo;liberdade de express&atilde;o&rdquo;, tentando identificar normas reguladoras e democratizantes como &ldquo;censura&rdquo; e seus defensores como &ldquo;ditadores&rdquo;. A fal&aacute;cia do discurso reside justamente em que seu controle oligop&oacute;lico dos meios de comunica&ccedil;&atilde;o mais abrangentes e de maior alcance na sociedade &eacute; a maior trava &agrave; verdadeira liberdade de express&atilde;o no Brasil.<\/span><span><\/p>\n<p>Afinal, um punhado de fam&iacute;lias concentra n&atilde;o somente a contabilidade do caixa dessas f&aacute;bricas de fazer dinheiro que s&atilde;o as TVs como as decis&otilde;es sobre programa&ccedil;&atilde;o, a linha editorial dos notici&aacute;rios, o conte&uacute;do cultural (quando t&ecirc;m algum conte&uacute;do). Enquanto isso, 180 milh&otilde;es de brasileiros, inertes, ficam submetidos a poucas op&ccedil;&otilde;es de informa&ccedil;&atilde;o e entretenimento. Ao mesmo tempo, as r&aacute;dios comunit&aacute;rias &mdash;uma forma real de democratiza&ccedil;&atilde;o da comunica&ccedil;&atilde;o &mdash; s&atilde;o duramente atacadas pela Anatel e pela Pol&iacute;cia Federal, com o apoio irrestrito das grandes empresas que dominam o setor.<\/span><span><br \/><strong><br \/>Pilar da domina&ccedil;&atilde;o<\/strong><\/span><span><\/p>\n<p>Em seu I Congresso Nacional, realizado em junho, o Partido Socialismo e Liberdade decidiu pela cria&ccedil;&atilde;o de um Setorial de Comunica&ccedil;&atilde;o e Cultura e aprovou uma resolu&ccedil;&atilde;o que afirma que &quot;a domina&ccedil;&atilde;o de classes no Brasil tem, no elevado grau de concentra&ccedil;&atilde;o da propriedade dos meios de comunica&ccedil;&atilde;o, um pilar central. (&#8230;) Assim, o PSOL deve se colocar de forma decidida na trincheira da luta pela democratiza&ccedil;&atilde;o dos meios de comunica&ccedil;&atilde;o&quot;.<\/span><span><\/p>\n<p>Recentemente, nossa companheira Luciana Genro, deputada federal pelo Rio Grande do Sul, equivocou-se, ao elogiar, em pronunciamento no C&acirc;mara, a RBS, afiliada da Rede Globo no RS e um dos principais oligop&oacute;lios de comunica&ccedil;&atilde;o do pa&iacute;s. Por&eacute;m, a companheira fez uma autocr&iacute;tica, o PSOL-RS emitiu uma nota p&uacute;blica a respeito e Luciana reafirmou seu compromisso com a democratiza&ccedil;&atilde;o da comunica&ccedil;&atilde;o, atrav&eacute;s de um discurso na Esquina Democr&aacute;tica, em Porto Alegre.<\/span><span><\/p>\n<p>O Setorial de Comunica&ccedil;&atilde;o e Cultura do PSOL chama&nbsp; a milit&acirc;ncia do partido como um todo a atuar efetivamente na constru&ccedil;&atilde;o da Semana Nacional pela Democratiza&ccedil;&atilde;o da Comunica&ccedil;&atilde;o, estimulando os movimentos sociais dos quais participamos a se engajarem nesse movimento.<\/p>\n<p>Os mandatos populares do PSOL precisam apoiar concretamente esse processo de luta contra o oligop&oacute;lio midi&aacute;tico e que nossos parlamentares ocupem as tribunas para colocar publicamente que o nosso partido tem lado na luta pela democratiza&ccedil;&atilde;o da comunica&ccedil;&atilde;o. O nosso lado &eacute; o da comunica&ccedil;&atilde;o popular, &eacute; o da informa&ccedil;&atilde;o contra-hegem&ocirc;nica, &eacute; o dos movimentos sociais e do povo trabalhador e oprimido, v&iacute;timas sistem&aacute;ticas da criminaliza&ccedil;&atilde;o e domestica&ccedil;&atilde;o capitalista operada pela m&iacute;dia grande.<\/span><span><\/p>\n<p>Para aprofundar essa discuss&atilde;o no partido e estruturar uma interven&ccedil;&atilde;o do PSOL mais transformadora no campo de luta pela democratiza&ccedil;&atilde;o da comunica&ccedil;&atilde;o iremos iniciar o processo de organiza&ccedil;&atilde;o do 1&ordm; Encontro do Setorial de Comunica&ccedil;&atilde;o e Cultura do Partido Socialismo e Liberdade. Contudo, a A&ccedil;&atilde;o Direta de Inconstitucionalidade contra o decreto do Governo Lula (que estabelece o padr&atilde;o japon&ecirc;s como pilar do sistema de TV Digital e assegura mais benef&iacute;cios as grandes emissoras) e a decisiva participa&ccedil;&atilde;o dos militantes do PSOL na organiza&ccedil;&atilde;o de base do movimento pela democratiza&ccedil;&atilde;o da comunica&ccedil;&atilde;o, j&aacute; mostram, na pr&aacute;tica, o compromisso do partido com essa luta.<\/span><span><\/p>\n<p>No dia 5 de outubro, o Setorial de Comunica&ccedil;&atilde;o e Cultura do PSOL estar&aacute; nas ruas de todo o Brasil, junto com o restante da milit&acirc;ncia do partido, empenhado na luta pela democratiza&ccedil;&atilde;o da comunica&ccedil;&atilde;o. Gritaremos para todos ouvirem que os canais s&atilde;o do povo, e n&atilde;o dos empres&aacute;rios e que, por isso, exigimos um processo transparente e democr&aacute;tico de concess&otilde;es de r&aacute;dio e televis&atilde;o. E defendemos o direito dos jornais, das Tvs e, em especial, das t&atilde;o reprimidas r&aacute;dios comunit&aacute;rias a existirem, como forma mais leg&iacute;tima e democr&aacute;tica da popula&ccedil;&atilde;o, em particular do povo trabalhador, exercer a liberdade de express&atilde;o atropelada pelo atual regime de concess&otilde;es, pelo governo e pelo baronato da m&iacute;dia.<\/span><\/p>\n","protected":false},"excerpt":{"rendered":"<p>O Partido Socialismo e Liberdade (PSOL) divulgou na &uacute;ltima semana nota em que&nbsp;declara apoio&nbsp;&agrave;s manifesta&ccedil;&otilde;es ocorridas na sexta-feira (5\/10), data em que foi lan&ccedil;ada nacionalmente a Campanha por Democracia e Transpar&ecirc;ncia nas Concess&otilde;es de R&aacute;dio e TV.&nbsp; Leia a &iacute;ntegra da nota divulgada pelo setorial de comunica&ccedil;&atilde;o do partido.&nbsp;&nbsp; * No dia 5 de outubro, &hellip; <a href=\"https:\/\/obscom.intervozes.org.br\/?p=19426\" class=\"more-link\">Continue lendo <span class=\"screen-reader-text\">Em nota, PSOL ap\u00f3ia campanha por democratiza\u00e7\u00e3o das concess\u00f5es<\/span> <span class=\"meta-nav\">&rarr;<\/span><\/a><\/p>\n","protected":false},"author":1,"featured_media":0,"comment_status":"open","ping_status":"open","sticky":false,"template":"","format":"standard","meta":{"footnotes":""},"categories":[40],"tags":[106],"_links":{"self":[{"href":"https:\/\/obscom.intervozes.org.br\/index.php?rest_route=\/wp\/v2\/posts\/19426"}],"collection":[{"href":"https:\/\/obscom.intervozes.org.br\/index.php?rest_route=\/wp\/v2\/posts"}],"about":[{"href":"https:\/\/obscom.intervozes.org.br\/index.php?rest_route=\/wp\/v2\/types\/post"}],"author":[{"embeddable":true,"href":"https:\/\/obscom.intervozes.org.br\/index.php?rest_route=\/wp\/v2\/users\/1"}],"replies":[{"embeddable":true,"href":"https:\/\/obscom.intervozes.org.br\/index.php?rest_route=%2Fwp%2Fv2%2Fcomments&post=19426"}],"version-history":[{"count":0,"href":"https:\/\/obscom.intervozes.org.br\/index.php?rest_route=\/wp\/v2\/posts\/19426\/revisions"}],"wp:attachment":[{"href":"https:\/\/obscom.intervozes.org.br\/index.php?rest_route=%2Fwp%2Fv2%2Fmedia&parent=19426"}],"wp:term":[{"taxonomy":"category","embeddable":true,"href":"https:\/\/obscom.intervozes.org.br\/index.php?rest_route=%2Fwp%2Fv2%2Fcategories&post=19426"},{"taxonomy":"post_tag","embeddable":true,"href":"https:\/\/obscom.intervozes.org.br\/index.php?rest_route=%2Fwp%2Fv2%2Ftags&post=19426"}],"curies":[{"name":"wp","href":"https:\/\/api.w.org\/{rel}","templated":true}]}}