{"id":19422,"date":"2007-10-05T21:31:06","date_gmt":"2007-10-05T21:31:06","guid":{"rendered":"https:\/\/obscom.intervozes.org.br\/wordpress\/?p=19422"},"modified":"2007-10-05T21:31:06","modified_gmt":"2007-10-05T21:31:06","slug":"atos-marcam-lancamento-nacional-de-campanha-por-democracia","status":"publish","type":"post","link":"https:\/\/obscom.intervozes.org.br\/?p=19422","title":{"rendered":"Atos marcam lan\u00e7amento nacional de campanha por democracia"},"content":{"rendered":"<p>Democracia, transpar&ecirc;ncia e respeito &agrave; Constitui&ccedil;&atilde;o Federal. Estas foram as principais&nbsp;reivindica&ccedil;&otilde;es das diversas organiza&ccedil;&otilde;es que promoveram o lan&ccedil;amento nacional da Campanha por Democracia e Transpar&ecirc;ncia nas Concess&otilde;es de R&aacute;dio e TV, que aconteceu nesta sexta-feira, 5 de outubro, em 16 capitais brasileiras.<\/p>\n<p>Movimentos sociais, sindicatos, estudantes e ONGs sa&iacute;ram &agrave;s ruas para marcar o in&iacute;cio de uma s&eacute;rie de a&ccedil;&otilde;es que pretendem pressionar Governo Federal e Congresso Nacional a institu&iacute;rem mecanismos de participa&ccedil;&atilde;o popular e crit&eacute;rios claros e transparentes para a renova&ccedil;&atilde;o das concess&otilde;es de radio e televis&atilde;o.<\/p>\n<p>&Eacute; a primeira vez que grandes organiza&ccedil;&otilde;es como a CUT (Central &Uacute;nica dos Trabalhadores), UNE (Uni&atilde;o Nacional dos Estudantes), MST (Movimento dos Trabalhadores Rurais Sem Terra), CMP (Central de Movimentos Populares), ABONG (Associa&ccedil;&atilde;o Brasileira de Ongs) e Marcha Mundial de Mulheres se unem&nbsp;a entidades que atuam diretamente no campo das comunica&ccedil;&otilde;es &ndash; como o Intervozes e a Campanha pela &Eacute;tica na TV &#8211;&nbsp;para promover o debate p&uacute;blico sobre as concess&otilde;es p&uacute;blicas de r&aacute;dio e televis&atilde;o.<\/p>\n<p>Segundo as organiza&ccedil;&otilde;es, as manifesta&ccedil;&otilde;es marcam somente o in&iacute;cio da campanha, que pretende promover uma s&eacute;rie de iniciativas durante os pr&oacute;ximos meses, como audi&ecirc;ncias p&uacute;blicas, manifesta&ccedil;&otilde;es populares e a&ccedil;&otilde;es no campo jur&iacute;dico. Com a campanha, o movimento busca discutir crit&eacute;rios para a outorga e a renova&ccedil;&atilde;o das concess&otilde;es e tamb&eacute;m a&ccedil;&otilde;es contra irregularidades no cumprimento das responsabilidades pelos atuais concession&aacute;rios, como excesso de publicidade, outorgas vencidas (mas ainda em funcionamento) e o controle ilegal de emissoras por parte de parlamentares. Tamb&eacute;m est&aacute; na pauta de propostas do movimento o fim da renova&ccedil;&atilde;o autom&aacute;tica das outorgas; a instala&ccedil;&atilde;o de uma comiss&atilde;o de acompanhamento das renova&ccedil;&otilde;es composta por integrantes da sociedade civil e; a convoca&ccedil;&atilde;o imediata da Confer&ecirc;ncia Nacional de Comunica&ccedil;&atilde;o, que dar&aacute; as linhas gerais de um novo marco regulat&oacute;rio para as comunica&ccedil;&otilde;es.<\/p>\n<p>O movimento faz quest&atilde;o de deixar claro que n&atilde;o quer promover nenhum tipo de &lsquo;ca&ccedil;a &agrave;s bruxas&rsquo;, nem buscar aplicar san&ccedil;&otilde;es &agrave;s emissoras que cumprem a legisla&ccedil;&atilde;o. &ldquo;Os movimentos sociais n&atilde;o est&atilde;o reivindicando nenhum tipo de censura. Queremos que se cumpram as leis do pa&iacute;s e se construam mecanismos para avaliar se a Constitui&ccedil;&atilde;o est&aacute; sendo cumprida. Isso &eacute; que &eacute; democracia. N&atilde;o podemos aceitar o vale-tudo&rdquo;, diz Luana Bonone, diretora de Comunica&ccedil;&atilde;o da UNE. &ldquo;Queremos que a sociedade seja a protagonista daquilo que a ela pertence. N&atilde;o d&aacute; para aceitarmos que a sociedade fique ref&eacute;m de um sistema onde interesses que n&atilde;o s&atilde;o leg&iacute;timos prevale&ccedil;am&rdquo;, diz Antonio Carlos Spis, da Central &Uacute;nica dos Trabalhadores.<\/p>\n<p>&ldquo;Faltam crit&eacute;rios claros, baseados no interesse p&uacute;blico, e tamb&eacute;m mecanismos que comprometam as emissoras com estes princ&iacute;pios&rdquo;, lembra Jo&atilde;o Brant, do Intervozes &ndash; Coletivo Brasil de Comunica&ccedil;&atilde;o Social. Segundo ele, mesmo os poucos limites impostos pelas regulamenta&ccedil;&otilde;es atuais n&atilde;o s&atilde;o observados pelas emissoras. Um dos mais &oacute;bvios &eacute; a restri&ccedil;&atilde;o ao tempo destinado &agrave; publicidade. A legisla&ccedil;&atilde;o permite que apenas 25% da programa&ccedil;&atilde;o seja usada para este fim. &ldquo;No entanto, temos verdadeiros supermercados eletr&ocirc;nicos funcionando em canal aberto&rdquo;, lembra Brant.<\/p>\n<p><strong>Atos pelo Brasil<\/p>\n<p><\/strong>Em S&atilde;o Paulo, cerca de 500 pessoas ocuparam o v&atilde;o livre do Masp e a avenida Paulista. Com a presen&ccedil;a lideran&ccedil;as de sindicatos, movimentos sociais, organiza&ccedil;&otilde;es estudantis e parlamentares como a deputada Luiza Erundina (PSB) e Ivan Valente (PSOL), a manifesta&ccedil;&atilde;o percorreu a principal avenida da cidade. Durante o trajeto, representantes da campanha protocolaram na Justi&ccedil;a Federal A&ccedil;&atilde;o Civil Publica contra tr&ecirc;s emissoras que excedem o limite de 25% de tempo dedicado &agrave; publicidade comercial em sua programa&ccedil;&atilde;o.<\/p>\n<p>Em Recife (PE),&nbsp;outras&nbsp;500 pessoas se reuniram na Pra&ccedil;a do Derby, no centro da cidade. No local, diversos movimentos sociais protestaram contra as irregularidades nas concess&otilde;es e pediram democracia e transpar&ecirc;ncia no modelo de outorgas.<\/p>\n<p>Em Porto Alegre (RS), mais de 250 pessoas realizaram ato em frente a sede da RBS, onde realizaram a leitura de um Contrato Popular proposto &agrave;s emissoras para as concess&otilde;es. O ato contou com a presen&ccedil;a de representantes de centrais sindicais, como CUT e Conlutas, estudantes e do movimento negro.<\/p>\n<p>No Rio de Janeiro, uma panfletagem no centro da cidade distribuiu o jornal Hora Inteira, com mat&eacute;rias sobre democratiza&ccedil;&atilde;o da comunica&ccedil;&atilde;o. O jornal &eacute; uma s&aacute;tira do Meia Hora, ligado ao grupo O Dia. Houve tamb&eacute;m exibi&ccedil;&atilde;o de v&iacute;deos sobre r&aacute;dios livres e sobre o monop&oacute;lio das comunica&ccedil;&otilde;es.&nbsp;<\/p>\n<p>Em Vit&oacute;ria (ES), o lan&ccedil;amento da campanha foi realizado na Universidade Federal do Esp&iacute;rito Santo. No norte do estado, na cidade de Linhares, mais de 300 pessoas marcharam at&eacute; a porta da TV Gazeta (Globo) e fizeram um enterro simb&oacute;lico da emissora&nbsp;representando a necessidade de discutir crit&eacute;rios para a sua renova&ccedil;&atilde;o.<\/p>\n<p>Em Belo Horizonte (MG), mais de 300 pessoas participaram de ato em frente ao Pal&aacute;cio do Governo, de onde partiram para a Pra&ccedil;a Sete. <\/p>\n<p>Em Curitiba (PR), ativistas realizaram uma panfletagem na Boca Maldita ao meio dia e seguiram para o Festival de Cultura da UFPR, onde cerca de 200 pessoas receberam materiais explicativos da campanha.<\/p>\n<p>Em Macei&oacute; (AL), houve manifesta&ccedil;&atilde;o no centro da cidade, com a participa&ccedil;&atilde;o de diversos movimentos sociais, sindicatos e organiza&ccedil;&otilde;es n&atilde;o governamentais locais.<\/p>\n<p>Em S&atilde;o Lu&iacute;s (MA), representantes de diversas organiza&ccedil;&otilde;es distribu&iacute;ram panfletos no centro da cidade e realizaram debate publico sobre democracia, pol&iacute;tica e m&iacute;dia. <\/p>\n<p>Em Cuiab&aacute; (MT), uma panfletagem no centro da cidade e um cortejo f&uacute;nebre da revista Veja marcaram o dia.<\/p>\n<p>Em Bras&iacute;lia (DF), as manifesta&ccedil;&otilde;es ocorreram na quinta-feira, por conta do calend&aacute;rio da capital federal. Cerca de 200 pessoas foram ao Minist&eacute;rio das Comunica&ccedil;&otilde;es reivindicar que o &oacute;rg&atilde;o cumpra a lei e fiscalize as concess&otilde;es de radio e TV. O movimento tamb&eacute;m foi recebido pelo presidente da C&acirc;mara dos Deputados, deputado Arlindo Chinaglia (PT-SP).<\/p>\n<p>Na capital de Santa Catarina, Florian&oacute;polis, os manifestantes entregaram nas m&atilde;os do presidente Lula uma carta reivindicando a realiza&ccedil;&atilde;o da Confer&ecirc;ncia Nacional de Comunica&ccedil;&atilde;o.<\/p>\n<p>Em Salvador e Manaus tamb&eacute;m aconteceram atos de lan&ccedil;amento da campanha.<\/p>\n","protected":false},"excerpt":{"rendered":"<p>Lan\u00e7amento nacional da Campanha por Democracia e Transpar\u00eancia nas Concess\u00f5es de R\u00e1dio e TV ocorre em 16 estados. Organiza\u00e7\u00f5es pedem fim da &#8216;farra&#8217; das concess\u00f5es e respeito \u00e0 Constitui\u00e7\u00e3o Federal.<\/p>\n","protected":false},"author":1,"featured_media":0,"comment_status":"open","ping_status":"open","sticky":false,"template":"","format":"standard","meta":{"footnotes":""},"categories":[40],"tags":[106],"_links":{"self":[{"href":"https:\/\/obscom.intervozes.org.br\/index.php?rest_route=\/wp\/v2\/posts\/19422"}],"collection":[{"href":"https:\/\/obscom.intervozes.org.br\/index.php?rest_route=\/wp\/v2\/posts"}],"about":[{"href":"https:\/\/obscom.intervozes.org.br\/index.php?rest_route=\/wp\/v2\/types\/post"}],"author":[{"embeddable":true,"href":"https:\/\/obscom.intervozes.org.br\/index.php?rest_route=\/wp\/v2\/users\/1"}],"replies":[{"embeddable":true,"href":"https:\/\/obscom.intervozes.org.br\/index.php?rest_route=%2Fwp%2Fv2%2Fcomments&post=19422"}],"version-history":[{"count":0,"href":"https:\/\/obscom.intervozes.org.br\/index.php?rest_route=\/wp\/v2\/posts\/19422\/revisions"}],"wp:attachment":[{"href":"https:\/\/obscom.intervozes.org.br\/index.php?rest_route=%2Fwp%2Fv2%2Fmedia&parent=19422"}],"wp:term":[{"taxonomy":"category","embeddable":true,"href":"https:\/\/obscom.intervozes.org.br\/index.php?rest_route=%2Fwp%2Fv2%2Fcategories&post=19422"},{"taxonomy":"post_tag","embeddable":true,"href":"https:\/\/obscom.intervozes.org.br\/index.php?rest_route=%2Fwp%2Fv2%2Ftags&post=19422"}],"curies":[{"name":"wp","href":"https:\/\/api.w.org\/{rel}","templated":true}]}}