{"id":19418,"date":"2007-10-05T11:31:23","date_gmt":"2007-10-05T11:31:23","guid":{"rendered":"https:\/\/obscom.intervozes.org.br\/wordpress\/?p=19418"},"modified":"2007-10-05T11:31:23","modified_gmt":"2007-10-05T11:31:23","slug":"controle-sobre-a-midia-tambem-pode-melhorar-saude-avalia-professora","status":"publish","type":"post","link":"https:\/\/obscom.intervozes.org.br\/?p=19418","title":{"rendered":"Controle sobre a m\u00eddia tamb\u00e9m pode melhorar sa\u00fade, avalia professora"},"content":{"rendered":"<p><span>Macei&oacute; &#8211; O controle social sobre a m&iacute;dia &eacute; decisivo para garantir que as emissoras de r&aacute;dio e televis&atilde;o transmitam uma programa&ccedil;&atilde;o voltada para a melhoria sa&uacute;de e dos indicadores sociais. Por prestar um servi&ccedil;o p&uacute;blico, j&aacute; que os canais s&atilde;o concedidos pelo governo federal, esses ve&iacute;culos de comunica&ccedil;&atilde;o devem atuar para fortalecer a cidadania.&nbsp; <\/p>\n<p><\/span><span>&ldquo;Sabemos que a m&iacute;dia tem um papel decisivo para formar a consci&ecirc;ncia dos cidad&atilde;os. Por isso, os conte&uacute;dos devem estimular a sa&uacute;de e a promo&ccedil;&atilde;o dos servi&ccedil;os p&uacute;blicos&rdquo;, defende a professora da Universidade Federal de Alagoas (UFAL), Maria Val&eacute;ria Correia.&nbsp; <\/p>\n<p><\/span><span>Ela falou ontem (4) durante a 6&ordf; Confer&ecirc;ncia Estadual de Sa&uacute;de de Alagoas e convocou os participantes a discutir o conte&uacute;do dos programas na perspectiva da promo&ccedil;&atilde;o da sa&uacute;de. &ldquo;Podemos aproveitar o mote da discuss&atilde;o sobre a renova&ccedil;&atilde;o de alguns canais para pensar no assunto&rdquo;. <\/span><span>&nbsp;<\/span><span>Hoje (5), vencem as concess&otilde;es de 28 emissoras de televis&atilde;o e 153 de r&aacute;dio, de acordo com o F&oacute;rum Nacional pela Democratiza&ccedil;&atilde;o da Comunica&ccedil;&atilde;o (FNDC). Entre elas, Globo, Record e SBT. <\/span><span>&nbsp;<\/span><span>Com a discuss&atilde;o, a sociedade pode encontrar forma de exercer algum controle sobre a m&iacute;dia &eacute; importante e cobrar dos ve&iacute;culos a abrang&ecirc;ncia de temas ligados ao interesse p&uacute;blico como o acesso &agrave; &aacute;gua, alimenta&ccedil;&atilde;o de qualidade, incentivo aos h&aacute;bitos de higiene e aos direitos humanos. <\/span><span>&nbsp;<\/span><span>&ldquo;Como as concess&otilde;es s&atilde;o geridas pelo setor privado, t&ecirc;m como objetivo o lucro, o que pode ir de encontro aos interesses da sociedade&rdquo;. <\/span><span>&nbsp;<\/p>\n<p><\/span><span>Outro problema, destacou, seria a forma como alguns ve&iacute;culos retratam o Sistema &Uacute;nico de Sa&uacute;de (SUS). &ldquo;Sempre na l&oacute;gica de denegrir o p&uacute;blico e enfatizar o privado &#8211; com o objetivo de estimular os planos de sa&uacute;de&rdquo;. E cita a cobertura midi&aacute;tica sobre o SUS.&nbsp;<\/span><span>&ldquo;Claro que o sistema precisa de melhorias, mas apresenta pontos positivos&rdquo;. Entre eles, a professora Maria Val&eacute;ria Correia lembra a gest&atilde;o participativa, com atua&ccedil;&atilde;o da sociedade nos conselhos de sa&uacute;de e nas confer&ecirc;ncias e os servi&ccedil;os como o programa sa&uacute;de da fam&iacute;lia &ndash; que atua na preven&ccedil;&atilde;o de doen&ccedil;as. <\/p>\n<p><\/span><span>&ldquo;Se tivessem [as emissoras] compromisso com a coisa p&uacute;blica n&atilde;o cobrariam caro dos governos para divulgar campanhas de vacina&ccedil;&atilde;o, aleitamento materno e doa&ccedil;&atilde;o de &oacute;rg&atilde;os, por exemplo&rdquo;, disse. <\/span>&ldquo;A participa&ccedil;&atilde;o da sociedade aqui [na comunica&ccedil;&atilde;o] &eacute; fundamental&rdquo;.<\/p>\n","protected":false},"excerpt":{"rendered":"<p>Macei&oacute; &#8211; O controle social sobre a m&iacute;dia &eacute; decisivo para garantir que as emissoras de r&aacute;dio e televis&atilde;o transmitam uma programa&ccedil;&atilde;o voltada para a melhoria sa&uacute;de e dos indicadores sociais. Por prestar um servi&ccedil;o p&uacute;blico, j&aacute; que os canais s&atilde;o concedidos pelo governo federal, esses ve&iacute;culos de comunica&ccedil;&atilde;o devem atuar para fortalecer a cidadania.&nbsp; &hellip; <a href=\"https:\/\/obscom.intervozes.org.br\/?p=19418\" class=\"more-link\">Continue lendo <span class=\"screen-reader-text\">Controle sobre a m\u00eddia tamb\u00e9m pode melhorar sa\u00fade, avalia professora<\/span> <span class=\"meta-nav\">&rarr;<\/span><\/a><\/p>\n","protected":false},"author":1,"featured_media":0,"comment_status":"open","ping_status":"open","sticky":false,"template":"","format":"standard","meta":{"footnotes":""},"categories":[40],"tags":[294],"_links":{"self":[{"href":"https:\/\/obscom.intervozes.org.br\/index.php?rest_route=\/wp\/v2\/posts\/19418"}],"collection":[{"href":"https:\/\/obscom.intervozes.org.br\/index.php?rest_route=\/wp\/v2\/posts"}],"about":[{"href":"https:\/\/obscom.intervozes.org.br\/index.php?rest_route=\/wp\/v2\/types\/post"}],"author":[{"embeddable":true,"href":"https:\/\/obscom.intervozes.org.br\/index.php?rest_route=\/wp\/v2\/users\/1"}],"replies":[{"embeddable":true,"href":"https:\/\/obscom.intervozes.org.br\/index.php?rest_route=%2Fwp%2Fv2%2Fcomments&post=19418"}],"version-history":[{"count":0,"href":"https:\/\/obscom.intervozes.org.br\/index.php?rest_route=\/wp\/v2\/posts\/19418\/revisions"}],"wp:attachment":[{"href":"https:\/\/obscom.intervozes.org.br\/index.php?rest_route=%2Fwp%2Fv2%2Fmedia&parent=19418"}],"wp:term":[{"taxonomy":"category","embeddable":true,"href":"https:\/\/obscom.intervozes.org.br\/index.php?rest_route=%2Fwp%2Fv2%2Fcategories&post=19418"},{"taxonomy":"post_tag","embeddable":true,"href":"https:\/\/obscom.intervozes.org.br\/index.php?rest_route=%2Fwp%2Fv2%2Ftags&post=19418"}],"curies":[{"name":"wp","href":"https:\/\/api.w.org\/{rel}","templated":true}]}}