{"id":19403,"date":"2007-10-04T12:49:20","date_gmt":"2007-10-04T12:49:20","guid":{"rendered":"https:\/\/obscom.intervozes.org.br\/wordpress\/?p=19403"},"modified":"2014-09-07T02:54:13","modified_gmt":"2014-09-07T02:54:13","slug":"campanha-sobre-concessoes-de-radio-e-tv-pede-respeito-a-constituicao-federal","status":"publish","type":"post","link":"https:\/\/obscom.intervozes.org.br\/?p=19403","title":{"rendered":"Campanha sobre concess\u00f5es de r\u00e1dio e TV pede respeito \u00e0 Constitui\u00e7\u00e3o Federal"},"content":{"rendered":"<p><span>Em manifesta&ccedil;&atilde;o in&eacute;dita, movimentos sociais, sindicatos e organiza&ccedil;&otilde;es da sociedade civil de diversos setores saem &agrave;s ruas para lan&ccedil;ar campanha sobre as concess&otilde;es p&uacute;blicas de radiodifus&atilde;o. Intitulada &lsquo;Campanha por Transpar&ecirc;ncia e Democracia nas Concess&otilde;es de R&aacute;dio e TV&rsquo;, o movimento escolheu o dia 5 de outubro &ndash; data em que vencem concess&otilde;es das principais emissoras do pa&iacute;s, como Globo, Bandeirantes e Record &ndash; para marcar o in&iacute;cio de uma s&eacute;rie de a&ccedil;&otilde;es que buscar&atilde;o pressionar Governo Federal e Congresso Nacional a institu&iacute;rem mecanismos de participa&ccedil;&atilde;o popular e crit&eacute;rios claros e transparentes para a renova&ccedil;&atilde;o de todas as concess&otilde;es de radiodifus&atilde;o. &Eacute; a primeira vez que grandes organiza&ccedil;&otilde;es se unem &agrave; entidades que atuam diretamente no campo das comunica&ccedil;&otilde;es&nbsp;para a realiza&ccedil;&atilde;o de&nbsp;atos simult&acirc;neos para promover o debate p&uacute;blico sobre a quest&atilde;o das concess&otilde;es.<\/p>\n<p><\/span><span>As manifesta&ccedil;&otilde;es, que v&atilde;o ocorrer em mais de 15 capitais do pa&iacute;s, est&atilde;o sendo promovidas em a&ccedil;&otilde;es articuladas por entidades como a Central &Uacute;nica dos Trabalhadores (CUT), o Movimento Sem Terra (MST), a Marcha Mundial de Mulheres (MMM), a Uni&atilde;o Nacional dos Estudantes (UNE) e a Associa&ccedil;&atilde;o Brasileira de Organiza&ccedil;&otilde;es N&atilde;o Governamentais (ABONG), al&eacute;m de organiza&ccedil;&otilde;es ligadas &agrave; &aacute;rea da comunica&ccedil;&atilde;o, como o Intervozes, a Campanha pela &Eacute;tica na TV e F&oacute;rum Nacional pela Democratiza&ccedil;&atilde;o da Comunica&ccedil;&atilde;o (FNDC). Para o mesmo dia, a Coordena&ccedil;&atilde;o Nacional de Articula&ccedil;&atilde;o das Comunidades Negras Rurais Quilombolas (Conaq) convocou um boicote &agrave; programa&ccedil;&atilde;o da Rede Globo, em resposta aos constantes ataques da emissora &agrave;s organiza&ccedil;&otilde;es quilombolas e aos movimentos sociais.<\/p>\n<p><\/span><span><strong>Campanha quer respeito &agrave; Constitui&ccedil;&atilde;o Federal<\/p>\n<p><\/strong><\/span><span>O movimento busca discutir crit&eacute;rios para a outorga e a renova&ccedil;&atilde;o das concess&otilde;es, mas tamb&eacute;m a&ccedil;&otilde;es contra irregularidades no cumprimento das responsabilidades pelos atuais concession&aacute;rios, como excesso de publicidade, outorgas vencidas (mas ainda em funcionamento) e o controle ilegal de emissoras por parte de parlamentares. Tamb&eacute;m est&aacute; na pauta de propostas do movimento o fim da renova&ccedil;&atilde;o autom&aacute;tica das outorgas; a instala&ccedil;&atilde;o de uma comiss&atilde;o de acompanhamento das renova&ccedil;&otilde;es composta por integrantes da sociedade civil; e a convoca&ccedil;&atilde;o imediata da Confer&ecirc;ncia Nacional de Comunica&ccedil;&atilde;o, que dar&aacute; as linhas gerais de um novo marco regulat&oacute;rio para as comunica&ccedil;&otilde;es.&nbsp;<\/p>\n<p><\/span><span>O movimento faz quest&atilde;o de deixar claro que n&atilde;o quer promover nenhum tipo de &lsquo;ca&ccedil;a &agrave;s bruxas&rsquo;, nem buscar aplicar san&ccedil;&otilde;es &agrave;s emissoras que cumprem a legisla&ccedil;&atilde;o. &ldquo;Os movimentos sociais n&atilde;o est&atilde;o reivindicando nenhum tipo de censura. Queremos que se cumpram as leis do pa&iacute;s e se construam mecanismos para avaliar se a Constitui&ccedil;&atilde;o est&aacute; sendo cumprida. Isso &eacute; que &eacute; democracia. N&atilde;o podemos aceitar o vale-tudo&rdquo;, diz Luana Bonone, diretora de Comunica&ccedil;&atilde;o da UNE.<\/p>\n<p><\/span><span>Para Ant&ocirc;nio Carlos Spis, da dire&ccedil;&atilde;o da CUT, o movimento quer fazer com que a sociedade passe a discutir essas quest&otilde;es, at&eacute; hoje tratadas como exclusivamente de interesse dos donos das empresas que det&ecirc;m as concess&otilde;es. &ldquo;O desafio da campanha &eacute; exatamente chegar nas pessoas e fazer com que elas reflitam e vejam que elas podem ter inser&ccedil;&atilde;o na TV, que o r&aacute;dio e a TV s&atilde;o do povo brasileiro, que o sinal &eacute; p&uacute;blico&rdquo;, comenta. &ldquo;&Eacute; o povo, atrav&eacute;s da Uni&atilde;o, que concede &agrave; Globo, ao SBT, &agrave; Record e &agrave;s outras emissoras o sinal que elas usam&rdquo;.<\/p>\n<p><\/span><span>Segundo as organiza&ccedil;&otilde;es, grande parte do problema da concentra&ccedil;&atilde;o dos meios de comunica&ccedil;&atilde;o no Brasil pode ser explicado pela aus&ecirc;ncia de crit&eacute;rios claros para a distribui&ccedil;&atilde;o das concess&otilde;es. <\/span><span>&ldquo;Faltam crit&eacute;rios claros, baseados no interesse p&uacute;blico, e faltam tamb&eacute;m mecanismos que comprometam as emissoras com estes princ&iacute;pios&rdquo;, lembra Jo&atilde;o Brant, do Intervozes &ndash; Coletivo Brasil de Comunica&ccedil;&atilde;o Social. Brant explica que as empresas concession&aacute;rias assinam um contrato que serve apenas para formalizar a concess&atilde;o, e mesmo assim &eacute; muito dif&iacute;cil ter acesso a ele. Apenas o extrato do contrato &eacute; publicado no Di&aacute;rio Oficial da Uni&atilde;o.<\/p>\n<p><\/span><span><strong>Sem regulamenta&ccedil;&atilde;o<\/p>\n<p><\/strong><\/span><span>A atual Constitui&ccedil;&atilde;o Federal foi promulgada h&aacute; quase vinte anos e, desde ent&atilde;o, diversos artigos foram regulamentados para que todos os princ&iacute;pios ali presentes pudessem ser aplicados. A maioria dos artigos do cap&iacute;tulo de Comunica&ccedil;&atilde;o Social, entretanto, permanece sem regulamenta&ccedil;&atilde;o, por for&ccedil;a do lobby das principais emissoras de televis&atilde;o, que acusam de &ldquo;censura&rdquo; as tentativas de regulamentar o campo das comunica&ccedil;&otilde;es, numa invers&atilde;o de valores imposs&iacute;vel de se assistir nas democracias j&aacute; consolidadas.<\/p>\n<p><\/span><span>Com isso, por mais que os princ&iacute;pios para explora&ccedil;&atilde;o dos sinais de r&aacute;dio e TV sejam expl&iacute;citos, n&atilde;o &eacute; simples fiscaliz&aacute;-los e cobr&aacute;-los no Judici&aacute;rio. Um deles &eacute; exatamente o que determina a veicula&ccedil;&atilde;o de produ&ccedil;&atilde;o regional e independente. Como n&atilde;o h&aacute; regulamenta&ccedil;&atilde;o, n&atilde;o &eacute; poss&iacute;vel dizer nem qual &eacute; a defini&ccedil;&atilde;o exata nem a quantidade dessas produ&ccedil;&otilde;es que deve necessariamente ser veiculada pelas emissoras.<\/p>\n<p><\/span><span>O mesmo acontece com o artigo que afirma que a radiodifus&atilde;o n&atilde;o pode ser objeto de monop&oacute;lio ou oligop&oacute;lio. Como n&atilde;o h&aacute; lei para tornar o princ&iacute;pio efetivo, ignora-se solenemente a Constitui&ccedil;&atilde;o, mesmo sabendo-se que h&aacute; um evidente monop&oacute;lio na TV aberta brasileira, com uma &uacute;nica emissora dominando mais da metade da audi&ecirc;ncia <span>e controlando dois ter&ccedil;os das verbas publicit&aacute;rias.<\/p>\n<p><\/span><\/span><span><strong>Sem limites<\/p>\n<p><\/strong><\/span><span>Mesmo os poucos limites impostos pelas regulamenta&ccedil;&otilde;es atuais n&atilde;o s&atilde;o observados pelas emissoras. Um dos mais &oacute;bvios &eacute; a restri&ccedil;&atilde;o ao tempo destinado &agrave; publicidade. A legisla&ccedil;&atilde;o permite que apenas 25% da programa&ccedil;&atilde;o seja usada para este fim. &ldquo;No entanto, temos verdadeiros supermercados eletr&ocirc;nicos funcionando em canal aberto&rdquo;, lembra Jo&atilde;o Brant, do Intervozes.<\/p>\n<p><\/span><span>Outro tipo de abuso dos limites m&iacute;nimos atuais pode ser verificado no r&aacute;dio, onde diversas emissoras cuja outorga &eacute; concedida para finalidades educativas s&atilde;o usadas para fins comerciais. <\/p>\n<p><\/span><span>Por esta raz&atilde;o, a Campanha por Transpar&ecirc;ncia e Democracia nas Concess&otilde;es de R&aacute;dio e TV inclui na sua pauta de reivindica&ccedil;&otilde;es a realiza&ccedil;&atilde;o de &ldquo;a&ccedil;&otilde;es imediatas contra irregularidades nas concess&otilde;es&rdquo;.<\/p>\n<p><\/span><span><strong>Atos confirmados em 15 estados<\/p>\n<p><\/strong><\/span><span>Manifesta&ccedil;&otilde;es simult&acirc;neas ser&atilde;o realizados em S&atilde;o Paulo, Rio Grande do Sul, Esp&iacute;rito Santo, Paran&aacute;, Bahia, Pernambuco, Maranh&atilde;o, Amazonas, Minas Gerais, Cear&aacute;, Rio de Janeiro, Santa Catarina, Alagoas e Mato Grosso. <\/span>No Distrito Federal, manifesta&ccedil;&atilde;o &eacute; dia 4. <\/p>\n<p><span><a href=\"http:\/\/localhost\/intervozes_direitoacomunicacao\/wordpress\/?p=19404\">Confira a programa&ccedil;&atilde;o completa clicando aqui<\/a>.<\/span><\/p>\n<p><span><a href=\"http:\/\/www.quemmandaevoce.org.br\/\">Confira o site oficial da campanha clicando aqui.<\/a><\/span><\/p>\n","protected":false},"excerpt":{"rendered":"<p>Em manifesta\u00e7\u00e3o in\u00e9dita, movimentos sociais, sindicatos e organiza\u00e7\u00f5es da sociedade civil de diversos setores saem \u00e0s ruas para lan\u00e7ar campanha pelo fim da &#8216;farra&#8217; das concess\u00f5es p\u00fablicas de r\u00e1dio e TV.<\/p>\n","protected":false},"author":1,"featured_media":0,"comment_status":"open","ping_status":"open","sticky":false,"template":"","format":"standard","meta":{"footnotes":""},"categories":[40],"tags":[106],"_links":{"self":[{"href":"https:\/\/obscom.intervozes.org.br\/index.php?rest_route=\/wp\/v2\/posts\/19403"}],"collection":[{"href":"https:\/\/obscom.intervozes.org.br\/index.php?rest_route=\/wp\/v2\/posts"}],"about":[{"href":"https:\/\/obscom.intervozes.org.br\/index.php?rest_route=\/wp\/v2\/types\/post"}],"author":[{"embeddable":true,"href":"https:\/\/obscom.intervozes.org.br\/index.php?rest_route=\/wp\/v2\/users\/1"}],"replies":[{"embeddable":true,"href":"https:\/\/obscom.intervozes.org.br\/index.php?rest_route=%2Fwp%2Fv2%2Fcomments&post=19403"}],"version-history":[{"count":1,"href":"https:\/\/obscom.intervozes.org.br\/index.php?rest_route=\/wp\/v2\/posts\/19403\/revisions"}],"predecessor-version":[{"id":27775,"href":"https:\/\/obscom.intervozes.org.br\/index.php?rest_route=\/wp\/v2\/posts\/19403\/revisions\/27775"}],"wp:attachment":[{"href":"https:\/\/obscom.intervozes.org.br\/index.php?rest_route=%2Fwp%2Fv2%2Fmedia&parent=19403"}],"wp:term":[{"taxonomy":"category","embeddable":true,"href":"https:\/\/obscom.intervozes.org.br\/index.php?rest_route=%2Fwp%2Fv2%2Fcategories&post=19403"},{"taxonomy":"post_tag","embeddable":true,"href":"https:\/\/obscom.intervozes.org.br\/index.php?rest_route=%2Fwp%2Fv2%2Ftags&post=19403"}],"curies":[{"name":"wp","href":"https:\/\/api.w.org\/{rel}","templated":true}]}}