{"id":19399,"date":"2007-10-03T15:12:44","date_gmt":"2007-10-03T15:12:44","guid":{"rendered":"https:\/\/obscom.intervozes.org.br\/wordpress\/?p=19399"},"modified":"2007-10-03T15:12:44","modified_gmt":"2007-10-03T15:12:44","slug":"para-lanca-projeto-de-inclusao-digital","status":"publish","type":"post","link":"https:\/\/obscom.intervozes.org.br\/?p=19399","title":{"rendered":"Par\u00e1 lan\u00e7a projeto de inclus\u00e3o digital"},"content":{"rendered":"<p>O Governo do Par&aacute; lan&ccedil;a nesta quarta-feira (3\/10) o projeto de inclus&atilde;o digital, batizado de Navegapar&aacute;. O estado vai interligar sua rede local de fibra &oacute;tica (Metrobel) &agrave; estrutura da Eletronorte para levar internet de alta velocidade &agrave; popula&ccedil;&atilde;o. <\/p>\n<p>A solu&ccedil;&atilde;o permitiu otimiza&ccedil;&atilde;o dos recursos. Implantar um projeto dessa grandeza representaria um investimento da ordem de R$ 900 milh&otilde;es. Ao utilizar a estrutura da Eletronorte, o estado ter&aacute; um custo de aproximadamente R$ 12 milh&otilde;es. <\/p>\n<p>Pelo conv&ecirc;nio firmado com a estatal, o governo vai usar os cerca de 1.800 quil&ocirc;metros de cabos de transmiss&atilde;o de fibra &oacute;tica da Eletronorte para fazer a interliga&ccedil;&atilde;o de institui&ccedil;&otilde;es governamentais para a&ccedil;&otilde;es de telemedicina, teleduca&ccedil;&atilde;o, governan&ccedil;a eletr&ocirc;nica e para o programa &#39;Cidades Digitais&#39;, promovendo inclus&atilde;o digital em cidades em que a internet inexistia. <\/p>\n<p>O sistema vai disponibilizar, ainda este ano, internet de alta velocidade para mais de dois milh&otilde;es de pessoas em 13 munic&iacute;pios do interior, por meio de infocentros p&uacute;blicos, dotados de pelo menos 20 computadores cada. A velocidade obtida com o programa chega a ser at&eacute; mil vezes maior quea oferecida pela banda larga. <\/p>\n<p>Para viabilizar o projeto, o governo do estado se comprometeu a ampliar em mais 30 quil&ocirc;metros a rede Metrobel, um cons&oacute;rcio de institui&ccedil;&otilde;es p&uacute;blicas e privadas, que hoje tem 30 quil&ocirc;metros e &eacute; coordenado pela Universidade Federal do Par&aacute;. Essa extens&atilde;o custar&aacute; cerca de R$ 3 milh&otilde;es e ampliar&aacute; a interliga&ccedil;&atilde;o a cerca de 300 unidades administrativas. <\/p>\n<p>O programa Cidades Digitais, que utilizar&aacute; a tecnologia sem fio wi-max para disponibilizar o acesso em lugares remotos, permitir&aacute; a abertura de mais de 500 pontos de conex&atilde;o nos munic&iacute;pios beneficiados, o que, somado aos dois milh&otilde;es de pessoas atendidas s&oacute; na Grande Bel&eacute;m, tornar&aacute; poss&iacute;vel o acesso &agrave; internet por mais de 60% dos 7,1 milh&otilde;es de habitantes do Par&aacute;. <\/p>\n","protected":false},"excerpt":{"rendered":"<p>O Governo do Par&aacute; lan&ccedil;a nesta quarta-feira (3\/10) o projeto de inclus&atilde;o digital, batizado de Navegapar&aacute;. O estado vai interligar sua rede local de fibra &oacute;tica (Metrobel) &agrave; estrutura da Eletronorte para levar internet de alta velocidade &agrave; popula&ccedil;&atilde;o. A solu&ccedil;&atilde;o permitiu otimiza&ccedil;&atilde;o dos recursos. Implantar um projeto dessa grandeza representaria um investimento da ordem &hellip; <a href=\"https:\/\/obscom.intervozes.org.br\/?p=19399\" class=\"more-link\">Continue lendo <span class=\"screen-reader-text\">Par\u00e1 lan\u00e7a projeto de inclus\u00e3o digital<\/span> <span class=\"meta-nav\">&rarr;<\/span><\/a><\/p>\n","protected":false},"author":1,"featured_media":0,"comment_status":"open","ping_status":"open","sticky":false,"template":"","format":"standard","meta":{"footnotes":""},"categories":[40],"tags":[80],"_links":{"self":[{"href":"https:\/\/obscom.intervozes.org.br\/index.php?rest_route=\/wp\/v2\/posts\/19399"}],"collection":[{"href":"https:\/\/obscom.intervozes.org.br\/index.php?rest_route=\/wp\/v2\/posts"}],"about":[{"href":"https:\/\/obscom.intervozes.org.br\/index.php?rest_route=\/wp\/v2\/types\/post"}],"author":[{"embeddable":true,"href":"https:\/\/obscom.intervozes.org.br\/index.php?rest_route=\/wp\/v2\/users\/1"}],"replies":[{"embeddable":true,"href":"https:\/\/obscom.intervozes.org.br\/index.php?rest_route=%2Fwp%2Fv2%2Fcomments&post=19399"}],"version-history":[{"count":0,"href":"https:\/\/obscom.intervozes.org.br\/index.php?rest_route=\/wp\/v2\/posts\/19399\/revisions"}],"wp:attachment":[{"href":"https:\/\/obscom.intervozes.org.br\/index.php?rest_route=%2Fwp%2Fv2%2Fmedia&parent=19399"}],"wp:term":[{"taxonomy":"category","embeddable":true,"href":"https:\/\/obscom.intervozes.org.br\/index.php?rest_route=%2Fwp%2Fv2%2Fcategories&post=19399"},{"taxonomy":"post_tag","embeddable":true,"href":"https:\/\/obscom.intervozes.org.br\/index.php?rest_route=%2Fwp%2Fv2%2Ftags&post=19399"}],"curies":[{"name":"wp","href":"https:\/\/api.w.org\/{rel}","templated":true}]}}