{"id":19398,"date":"2007-10-03T10:52:56","date_gmt":"2007-10-03T10:52:56","guid":{"rendered":"https:\/\/obscom.intervozes.org.br\/wordpress\/?p=19398"},"modified":"2007-10-03T10:52:56","modified_gmt":"2007-10-03T10:52:56","slug":"governo-segue-em-busca-de-solucao-para-rede-de-inclusao-digital","status":"publish","type":"post","link":"https:\/\/obscom.intervozes.org.br\/?p=19398","title":{"rendered":"Governo segue em busca de solu\u00e7\u00e3o para rede de inclus\u00e3o digital"},"content":{"rendered":"<p>Na pr&oacute;xima segunda-feira, 8, o governo ir&aacute; debater as diversas id&eacute;ias para a cria&ccedil;&atilde;o de uma rede nacional de telecomunica&ccedil;&otilde;es voltada a servi&ccedil;os p&uacute;blicos e entre elas uma nova utilidade para a falida rede da Eletronet. O assessor especial da Presid&ecirc;ncia da Rep&uacute;blica, C&eacute;zar Alvarez, confirmou nesta ter&ccedil;a-feira, 2, o agendamento da reuni&atilde;o ministerial, mas frustrou as expectativas de quem acreditava que este seria um encontro decisivo. Como j&aacute; havia sido publicado por este notici&aacute;rio, a reuni&atilde;o servir&aacute; para confrontar as diversas propostas de constru&ccedil;&atilde;o de uma rede de fornecimento de banda larga dentro do projeto de inclus&atilde;o digital do Pa&iacute;s. &ldquo;Ser&aacute; uma reuni&atilde;o com defini&ccedil;&otilde;es importantes, mas n&atilde;o definitiva&rdquo;, ponderou Alvarez.<\/p>\n<p>O debate havia sido divulgado por outro assessor especial da Presid&ecirc;ncia, o coronel Oswaldo Oliva Neto, que tem propostas diferentes das de Alvarez. Oliva defende a cria&ccedil;&atilde;o de um grande backhaul nacional, onde a Eletronet e as demais redes de transmiss&atilde;o do setor el&eacute;trico seriam incorporadas pelo governo, que garantiria o acesso &agrave; infra-estrutura para as empresas privadas interessadas em fazer provimento. As empresas privadas poderiam ser acionistas desta grande malha nacional.<\/p>\n<p>Alvarez n&atilde;o chega a defender um projeto claramente. Para o assessor, que comandou o exitoso projeto Computador para Todos, a combina&ccedil;&atilde;o de diversas iniciativas, incluindo at&eacute; mesmo o uso da Eletronet, seria o caminho para a cria&ccedil;&atilde;o desse backhaul p&uacute;blico. Para Alvarez, &eacute; preciso considerar tamb&eacute;m a cria&ccedil;&atilde;o de uma pol&iacute;tica p&uacute;blica estruturada e um conjunto de medidas envolvendo o poder regulador concedente, o est&iacute;mulo ao mercado consumidor e aos fabricantes de equipamento, formando uma grande parceria para o provimento da internet. <\/p>\n<p>&ldquo;Eu n&atilde;o tenho problemas com qualquer mix de moedas (de barganha). Aceito at&eacute; mesmo a regulat&oacute;ria, desde que seja feita em pra&ccedil;a p&uacute;blica e chancelada por quem &eacute; de direito, que &eacute; o Legislativo&rdquo;, afirmou. &ldquo;Nada pode ser descartado a priori. Mas o que &eacute; preciso agora &eacute; hierarquizar as a&ccedil;&otilde;es&rdquo;. No topo da lista est&aacute; o aproveitamento da Eletronet e seus milhares de quil&ocirc;metros em cabos de fibra &oacute;ptica. &ldquo;Se eu tenho uma rede boa, n&atilde;o posso discutir o uso dessa rede na inclus&atilde;o digital que as empresas deveriam fazer? &Eacute; claro que posso&rdquo;, declarou o assessor. Atualmente existem 16 mil km de redes pertencentes a Eletronet.<\/p>\n<p><strong>PST<\/strong><\/p>\n<p>Outras quest&otilde;es que ser&atilde;o discutidas no encontro ministerial s&atilde;o a troca dos PSTs (Postos de Servi&ccedil;os de Telecomunica&ccedil;&otilde;es, previstos nos contratos de concess&atilde;o das teles) por conex&atilde;o de banda larga nas escolas municipais, o uso da terceira gera&ccedil;&atilde;o da telefonia m&oacute;vel para expandir a conectividade e mudan&ccedil;as no sistema regulat&oacute;rio. Desses tr&ecirc;s pontos, o mais engatilhado &eacute; a mudan&ccedil;a nos PSTs. A quest&atilde;o est&aacute; pr&oacute;xima de ser resolvida e pode ser o &uacute;nico item com defini&ccedil;&atilde;o durante a reuni&atilde;o da pr&oacute;xima segunda-feira.<\/p>\n<p>O diretor do Departamento de Servi&ccedil;os de Universaliza&ccedil;&atilde;o de Telecomunica&ccedil;&otilde;es do Minist&eacute;rio das Comunica&ccedil;&otilde;es, &Aacute;tila Souto, contou que a revis&atilde;o do PGMU que permitir&aacute; a troca dos postos pela banda larga foi finalizada no &uacute;ltimo dia 21 de setembro e que nesta ter&ccedil;a-feira estava sendo redigida a minuta do decreto que ser&aacute; encaminhado ao presidente Luiz In&aacute;cio Lula da Silva. A agenda pr&eacute;-definida pelo Minicom prev&ecirc; que a proposta seja debatida com as teles nos pr&oacute;ximos dez dias. Ap&oacute;s esse prazo, o texto deve ir a consulta p&uacute;blica. A id&eacute;ia &eacute; que, conclu&iacute;da a discuss&atilde;o, a proposta formal possa ser encaminhada &agrave; Presid&ecirc;ncia da Rep&uacute;blica em meados de novembro.<\/p>\n","protected":false},"excerpt":{"rendered":"<p>Na pr&oacute;xima segunda-feira, 8, o governo ir&aacute; debater as diversas id&eacute;ias para a cria&ccedil;&atilde;o de uma rede nacional de telecomunica&ccedil;&otilde;es voltada a servi&ccedil;os p&uacute;blicos e entre elas uma nova utilidade para a falida rede da Eletronet. O assessor especial da Presid&ecirc;ncia da Rep&uacute;blica, C&eacute;zar Alvarez, confirmou nesta ter&ccedil;a-feira, 2, o agendamento da reuni&atilde;o ministerial, mas &hellip; <a href=\"https:\/\/obscom.intervozes.org.br\/?p=19398\" class=\"more-link\">Continue lendo <span class=\"screen-reader-text\">Governo segue em busca de solu\u00e7\u00e3o para rede de inclus\u00e3o digital<\/span> <span class=\"meta-nav\">&rarr;<\/span><\/a><\/p>\n","protected":false},"author":1,"featured_media":0,"comment_status":"open","ping_status":"open","sticky":false,"template":"","format":"standard","meta":{"footnotes":""},"categories":[40],"tags":[150],"_links":{"self":[{"href":"https:\/\/obscom.intervozes.org.br\/index.php?rest_route=\/wp\/v2\/posts\/19398"}],"collection":[{"href":"https:\/\/obscom.intervozes.org.br\/index.php?rest_route=\/wp\/v2\/posts"}],"about":[{"href":"https:\/\/obscom.intervozes.org.br\/index.php?rest_route=\/wp\/v2\/types\/post"}],"author":[{"embeddable":true,"href":"https:\/\/obscom.intervozes.org.br\/index.php?rest_route=\/wp\/v2\/users\/1"}],"replies":[{"embeddable":true,"href":"https:\/\/obscom.intervozes.org.br\/index.php?rest_route=%2Fwp%2Fv2%2Fcomments&post=19398"}],"version-history":[{"count":0,"href":"https:\/\/obscom.intervozes.org.br\/index.php?rest_route=\/wp\/v2\/posts\/19398\/revisions"}],"wp:attachment":[{"href":"https:\/\/obscom.intervozes.org.br\/index.php?rest_route=%2Fwp%2Fv2%2Fmedia&parent=19398"}],"wp:term":[{"taxonomy":"category","embeddable":true,"href":"https:\/\/obscom.intervozes.org.br\/index.php?rest_route=%2Fwp%2Fv2%2Fcategories&post=19398"},{"taxonomy":"post_tag","embeddable":true,"href":"https:\/\/obscom.intervozes.org.br\/index.php?rest_route=%2Fwp%2Fv2%2Ftags&post=19398"}],"curies":[{"name":"wp","href":"https:\/\/api.w.org\/{rel}","templated":true}]}}