{"id":19397,"date":"2007-10-03T10:51:04","date_gmt":"2007-10-03T10:51:04","guid":{"rendered":"https:\/\/obscom.intervozes.org.br\/wordpress\/?p=19397"},"modified":"2007-10-03T10:51:04","modified_gmt":"2007-10-03T10:51:04","slug":"anatel-diz-que-restricao-ao-wimax-tem-causas-tecnicas","status":"publish","type":"post","link":"https:\/\/obscom.intervozes.org.br\/?p=19397","title":{"rendered":"Anatel diz que restri\u00e7\u00e3o ao WiMAX tem &#8220;causas t\u00e9cnicas&#8221;"},"content":{"rendered":"<p>O constrangimento p&uacute;blico gerado pelas cr&iacute;ticas sobre a mobilidade restrita, feitas pelo ministro das Comunica&ccedil;&otilde;es, fez com que a Anatel providenciasse uma explica&ccedil;&atilde;o nesta ter&ccedil;a-feira, 2, sobre suas pol&ecirc;micas decis&otilde;es envolvendo o WiMAX. Mas o esclarecimento foi ainda mais pol&ecirc;mico. Depois de uma s&eacute;rie de explica&ccedil;&otilde;es , o superintendente de Servi&ccedil;os Privados, Jarbas Valente, alegou que o problema &eacute; a falta de designa&ccedil;&atilde;o da faixa onde o WiMAX ser&aacute; operadora para servi&ccedil;os com mobilidade (o que &eacute; uma decis&atilde;o que cabe apenas &agrave; Anatel tomar). Antes disso, Valente chegou a afirmar que n&atilde;o havia qualquer restri&ccedil;&atilde;o para o uso m&oacute;vel dos equipamentos.<\/p>\n<p>Independentemente dos motivos que levaram a Anatel a optar pela restri&ccedil;&atilde;o de mobilidade ao WiMAX, o conselho diretor da ag&ecirc;ncia sinalizou que uma mudan&ccedil;a nas decis&otilde;es tomadas n&atilde;o ser&aacute; t&atilde;o tranq&uuml;ila quanto H&eacute;lio Costa gostaria. &ldquo;A Anatel toma decis&otilde;es por autoridade pr&oacute;pria. Temos o maior respeito pelo ministro, mas essas quest&otilde;es v&atilde;o passar por uma an&aacute;lise dentro da Anatel e n&atilde;o s&atilde;o feitas a toque de caixa&rdquo;, afirmou o presidente da ag&ecirc;ncia, embaixador Ronaldo Sardenberg.<\/p>\n<p>Jarbas Valente jura que n&atilde;o houve press&atilde;o das operadoras m&oacute;veis para limitar o uso m&oacute;vel do WiMAX. &ldquo;&Eacute; uma quest&atilde;o apenas t&eacute;cnica, n&atilde;o &eacute; de mercado.&rdquo; Segundo Valente, bastaria a designa&ccedil;&atilde;o do servi&ccedil;o m&oacute;vel para a faixa de 3,5 GHz para que a regula&ccedil;&atilde;o fosse alterada no sentido desejado pelo Minicom. Atualmente, a principal restri&ccedil;&atilde;o est&aacute; localizada no regulamento de certifica&ccedil;&atilde;o dos equipamentos para WiMAX, onde os fornecedores s&atilde;o obrigados a desativar as ferramentas de mobilidade dos produtos que ser&atilde;o comercializados no Pa&iacute;s. E vale lembrar que para outras faixas em que &eacute; poss&iacute;vel a presta&ccedil;&atilde;o do servi&ccedil;o de WiMAX, como a faixa de 2,5 GHz, a Anatel tamb&eacute;m criou a figura da mobilidade restrita, que n&atilde;o est&aacute; definida na regulamenta&ccedil;&atilde;o, ainda.<\/p>\n<p><strong>Leil&atilde;o do 3G em outubro<\/p>\n<p><\/strong>A principal crise em torno da mobilidade gira em torno das cr&iacute;ticas das operadoras de celular. Elas temem que operadoras de SCM que consigam faixas no leil&atilde;o de 3,5 GHz &ndash; a pre&ccedil;os bem mais baixos do que as freq&uuml;&ecirc;ncias do 3G &ndash; virem concorrentes se for permitido o uso m&oacute;vel dos equipamentos. Outra preocupa&ccedil;&atilde;o de ordem pr&aacute;tica &eacute; que o debate pode gerar uma mudan&ccedil;a de regras no licenciamento do WiMAX t&atilde;o logo as empresas tenham investido no 3G. <\/p>\n<p>Nesse aspecto, Ronaldo Sardenberg tentou tranq&uuml;ilizar os empres&aacute;rios. &ldquo;N&atilde;o &eacute; interesse dar nenhum susto no mercado&rdquo;, afirmou. &ldquo;O problema &eacute; que estamos tentando mudar de cavalo no meio do rio. E isso &eacute; muito dif&iacute;cil.&rdquo;<\/p>\n<p>Pelo calend&aacute;rio da Anatel, o leil&atilde;o do 3G ser&aacute; realizado ainda neste m&ecirc;s. O presidente da ag&ecirc;ncia disse que ainda ser&aacute; avaliada a &ldquo;conveni&ecirc;ncia pol&iacute;tica&rdquo; de se realizar a venda em outubro, mas que esta &eacute; a data mais prov&aacute;vel para a concorr&ecirc;ncia. Na abertura do Futurecom, o ministro H&eacute;lio Costa falou que a licita&ccedil;&atilde;o ser&aacute; em novembro, mas a ag&ecirc;ncia insiste que o cronograma ainda n&atilde;o foi alterado. <\/p>\n","protected":false},"excerpt":{"rendered":"<p>O constrangimento p&uacute;blico gerado pelas cr&iacute;ticas sobre a mobilidade restrita, feitas pelo ministro das Comunica&ccedil;&otilde;es, fez com que a Anatel providenciasse uma explica&ccedil;&atilde;o nesta ter&ccedil;a-feira, 2, sobre suas pol&ecirc;micas decis&otilde;es envolvendo o WiMAX. Mas o esclarecimento foi ainda mais pol&ecirc;mico. Depois de uma s&eacute;rie de explica&ccedil;&otilde;es , o superintendente de Servi&ccedil;os Privados, Jarbas Valente, alegou &hellip; <a href=\"https:\/\/obscom.intervozes.org.br\/?p=19397\" class=\"more-link\">Continue lendo <span class=\"screen-reader-text\">Anatel diz que restri\u00e7\u00e3o ao WiMAX tem &#8220;causas t\u00e9cnicas&#8221;<\/span> <span class=\"meta-nav\">&rarr;<\/span><\/a><\/p>\n","protected":false},"author":1,"featured_media":0,"comment_status":"open","ping_status":"open","sticky":false,"template":"","format":"standard","meta":{"footnotes":""},"categories":[40],"tags":[454],"_links":{"self":[{"href":"https:\/\/obscom.intervozes.org.br\/index.php?rest_route=\/wp\/v2\/posts\/19397"}],"collection":[{"href":"https:\/\/obscom.intervozes.org.br\/index.php?rest_route=\/wp\/v2\/posts"}],"about":[{"href":"https:\/\/obscom.intervozes.org.br\/index.php?rest_route=\/wp\/v2\/types\/post"}],"author":[{"embeddable":true,"href":"https:\/\/obscom.intervozes.org.br\/index.php?rest_route=\/wp\/v2\/users\/1"}],"replies":[{"embeddable":true,"href":"https:\/\/obscom.intervozes.org.br\/index.php?rest_route=%2Fwp%2Fv2%2Fcomments&post=19397"}],"version-history":[{"count":0,"href":"https:\/\/obscom.intervozes.org.br\/index.php?rest_route=\/wp\/v2\/posts\/19397\/revisions"}],"wp:attachment":[{"href":"https:\/\/obscom.intervozes.org.br\/index.php?rest_route=%2Fwp%2Fv2%2Fmedia&parent=19397"}],"wp:term":[{"taxonomy":"category","embeddable":true,"href":"https:\/\/obscom.intervozes.org.br\/index.php?rest_route=%2Fwp%2Fv2%2Fcategories&post=19397"},{"taxonomy":"post_tag","embeddable":true,"href":"https:\/\/obscom.intervozes.org.br\/index.php?rest_route=%2Fwp%2Fv2%2Ftags&post=19397"}],"curies":[{"name":"wp","href":"https:\/\/api.w.org\/{rel}","templated":true}]}}