{"id":19396,"date":"2007-10-03T10:45:59","date_gmt":"2007-10-03T10:45:59","guid":{"rendered":"https:\/\/obscom.intervozes.org.br\/wordpress\/?p=19396"},"modified":"2007-10-03T10:45:59","modified_gmt":"2007-10-03T10:45:59","slug":"anatel-retomara-proposta-de-reestruturacao-ate-janeiro","status":"publish","type":"post","link":"https:\/\/obscom.intervozes.org.br\/?p=19396","title":{"rendered":"Anatel retomar\u00e1 proposta de reestrutura\u00e7\u00e3o at\u00e9 janeiro"},"content":{"rendered":"<p class=\"titnews\">O extenso debate sobre a mudan&ccedil;a dos marcos legal e regulat&oacute;rio das telecomunica&ccedil;&otilde;es estimulou a Anatel a retomar seu projeto de reestrutura&ccedil;&atilde;o interna. A proposta, vetada h&aacute; alguns anos pelo ministro das Comunica&ccedil;&otilde;es, H&eacute;lio Costa, deve ser feita j&aacute; no in&iacute;cio do pr&oacute;ximo ano. &ldquo;Estou pensando a fundo nessa quest&atilde;o. Vamos come&ccedil;ar em tr&ecirc;s meses a reestrutura&ccedil;&atilde;o da Anatel. E estamos fazendo agora uma reavalia&ccedil;&atilde;o do modelo da ag&ecirc;ncia&rdquo;, declarou o presidente da ag&ecirc;ncia, embaixador Ronaldo Sardenberg, em entrevista ap&oacute;s sua apresenta&ccedil;&atilde;o no Futurecom.<\/p>\n<p>O projeto, no entanto, n&atilde;o significa uma mudan&ccedil;a direta no sistema de licenciamento da ag&ecirc;ncia, talvez o maior imbr&oacute;glio burocr&aacute;tico do setor. Sardenberg explicou que a inten&ccedil;&atilde;o &eacute; reestruturar a ag&ecirc;ncia focando em processos e n&atilde;o mais em tecnologias, como &eacute; hoje. &ldquo;O objetivo &eacute; ser mais &aacute;gil&rdquo;, resumiu o presidente. &ldquo;A ag&ecirc;ncia est&aacute; completando dez anos e, nesse setor, dez anos equivalem a 50 anos&rdquo;.<\/p>\n<p>O embaixador n&atilde;o acredita que seja necess&aacute;rio aguardar o desfecho dos debates no Congresso Nacional sobre o futuro das telecomunica&ccedil;&otilde;es para come&ccedil;ar o processo de reorganiza&ccedil;&atilde;o da ag&ecirc;ncia. &ldquo;A pol&iacute;tica tem sua pr&oacute;pria agenda&rdquo;, retrucou.<\/p>\n<p><strong>Empresas ap&oacute;iam<\/p>\n<p><\/strong>As empresas concordam com a vis&atilde;o de Sardenberg. Para o presidente da Abrafix, Jos&eacute; Fernandes Pauletti, a reestrutura&ccedil;&atilde;o pode ser feita imediatamente. &ldquo;Se ficar esperando acabar o debate no Congresso, n&atilde;o fazemos nunca essa mudan&ccedil;a&rdquo;, comentou. A esperan&ccedil;a &eacute; que, com uma reorganiza&ccedil;&atilde;o, os processos fluam mais facilmente no ambiente da ag&ecirc;ncia, ao contr&aacute;rio da atual burocracia que ronda o setor. &ldquo;Tem muita coisa que n&atilde;o anda na ag&ecirc;ncia e a desculpa &eacute; sempre que n&atilde;o h&aacute; estrutura, que &eacute; preciso aparelhar a ag&ecirc;ncia. Ent&atilde;o que se crie essa estrutura. A gente espera que as coisas funcionem melhor caso seja feita uma mudan&ccedil;a.&rdquo;<\/p>\n<p>Para as celulares, o importante &eacute; ter uma vis&atilde;o mais ampla de quais s&atilde;o os objetivos do setor para, da&iacute; ent&atilde;o, proceder uma mudan&ccedil;a administrativa. &ldquo;Se voc&ecirc; tem uma vis&atilde;o correta, positiva das coisas, mirando o desenvolvimento do setor, a atra&ccedil;&atilde;o de investimentos para a oferta de melhores servi&ccedil;os, uma reestrutura&ccedil;&atilde;o acaba sendo bem-vinda&rdquo;, afirmou &Eacute;rcio Zilli, presidente da Acel. O ponto decisivo para permitir uma organiza&ccedil;&atilde;o nova da ag&ecirc;ncia, segundo Zilli, &eacute; a defini&ccedil;&atilde;o da disputa entre Anatel e Minicom sobre o poder de outorga. A quest&atilde;o est&aacute; no substitutivo do projeto de lei das Ag&ecirc;ncias, que ainda n&atilde;o foi votado na C&acirc;mara dos Deputados. <\/p>\n","protected":false},"excerpt":{"rendered":"<p>O extenso debate sobre a mudan&ccedil;a dos marcos legal e regulat&oacute;rio das telecomunica&ccedil;&otilde;es estimulou a Anatel a retomar seu projeto de reestrutura&ccedil;&atilde;o interna. A proposta, vetada h&aacute; alguns anos pelo ministro das Comunica&ccedil;&otilde;es, H&eacute;lio Costa, deve ser feita j&aacute; no in&iacute;cio do pr&oacute;ximo ano. &ldquo;Estou pensando a fundo nessa quest&atilde;o. Vamos come&ccedil;ar em tr&ecirc;s meses &hellip; <a href=\"https:\/\/obscom.intervozes.org.br\/?p=19396\" class=\"more-link\">Continue lendo <span class=\"screen-reader-text\">Anatel retomar\u00e1 proposta de reestrutura\u00e7\u00e3o at\u00e9 janeiro<\/span> <span class=\"meta-nav\">&rarr;<\/span><\/a><\/p>\n","protected":false},"author":1,"featured_media":0,"comment_status":"open","ping_status":"open","sticky":false,"template":"","format":"standard","meta":{"footnotes":""},"categories":[40],"tags":[453],"_links":{"self":[{"href":"https:\/\/obscom.intervozes.org.br\/index.php?rest_route=\/wp\/v2\/posts\/19396"}],"collection":[{"href":"https:\/\/obscom.intervozes.org.br\/index.php?rest_route=\/wp\/v2\/posts"}],"about":[{"href":"https:\/\/obscom.intervozes.org.br\/index.php?rest_route=\/wp\/v2\/types\/post"}],"author":[{"embeddable":true,"href":"https:\/\/obscom.intervozes.org.br\/index.php?rest_route=\/wp\/v2\/users\/1"}],"replies":[{"embeddable":true,"href":"https:\/\/obscom.intervozes.org.br\/index.php?rest_route=%2Fwp%2Fv2%2Fcomments&post=19396"}],"version-history":[{"count":0,"href":"https:\/\/obscom.intervozes.org.br\/index.php?rest_route=\/wp\/v2\/posts\/19396\/revisions"}],"wp:attachment":[{"href":"https:\/\/obscom.intervozes.org.br\/index.php?rest_route=%2Fwp%2Fv2%2Fmedia&parent=19396"}],"wp:term":[{"taxonomy":"category","embeddable":true,"href":"https:\/\/obscom.intervozes.org.br\/index.php?rest_route=%2Fwp%2Fv2%2Fcategories&post=19396"},{"taxonomy":"post_tag","embeddable":true,"href":"https:\/\/obscom.intervozes.org.br\/index.php?rest_route=%2Fwp%2Fv2%2Ftags&post=19396"}],"curies":[{"name":"wp","href":"https:\/\/api.w.org\/{rel}","templated":true}]}}