{"id":19395,"date":"2007-10-03T10:42:34","date_gmt":"2007-10-03T10:42:34","guid":{"rendered":"https:\/\/obscom.intervozes.org.br\/wordpress\/?p=19395"},"modified":"2007-10-03T10:42:34","modified_gmt":"2007-10-03T10:42:34","slug":"parlamentares-criticam-criacao-de-tv-publica-por-medida-provisoria","status":"publish","type":"post","link":"https:\/\/obscom.intervozes.org.br\/?p=19395","title":{"rendered":"Parlamentares criticam cria\u00e7\u00e3o de TV p\u00fablica por Medida Provis\u00f3ria"},"content":{"rendered":"<div class=\"grupoC2\">\n<p id=\"ctrl_texto\">Mesmo sem editado a&nbsp;MP que criar&aacute; a TV P&uacute;blica, congressistas j&aacute; questionam se h&aacute; urg&ecirc;ncia que justifique a cria&ccedil;&atilde;o da emissora por meio de MP. &quot;O presidente n&atilde;o tem o direito de fazer isso. &Eacute; uma grande id&eacute;ia transformada em ato rid&iacute;culo, uma TV que vai nascer com aspecto autorit&aacute;rio, de cima para baixo&quot;, criticou o senador Pedro Simon (PMDB-RS). Ele questionou se, da forma como ser&aacute; criada, a TV n&atilde;o serviria para fazer propaganda de &quot;S&atilde;o Lula&quot;.<\/p>\n<p>O l&iacute;der do PSOL na C&acirc;mara, Chico Alencar (RJ), considerou &quot;muito estranho&quot; o governo querer criar a TV P&uacute;blica por medida provis&oacute;ria, especialmente quando retira MPs da pauta para aprovar a CPMF. E lembrou que o ministro da Comunica&ccedil;&atilde;o Social, Franklin Martins, prometeu aos l&iacute;deres que ela seria criada por projeto de lei. O deputado Fernando Gabeira (PV-RJ) tamb&eacute;m reclamou. &quot;Era preciso um tempo longo de discuss&atilde;o pois &eacute; um projeto importante, de longo alcance. Seria melhor decidir por projeto de lei.&quot;<\/p>\n<p>Da reda&ccedil;&atilde;o, com informa&ccedil;&otilde;es da Ag&ecirc;ncia Estado.<\/p>\n<\/div>\n","protected":false},"excerpt":{"rendered":"<p>Mesmo sem editado a&nbsp;MP que criar&aacute; a TV P&uacute;blica, congressistas j&aacute; questionam se h&aacute; urg&ecirc;ncia que justifique a cria&ccedil;&atilde;o da emissora por meio de MP. &quot;O presidente n&atilde;o tem o direito de fazer isso. &Eacute; uma grande id&eacute;ia transformada em ato rid&iacute;culo, uma TV que vai nascer com aspecto autorit&aacute;rio, de cima para baixo&quot;, criticou &hellip; <a href=\"https:\/\/obscom.intervozes.org.br\/?p=19395\" class=\"more-link\">Continue lendo <span class=\"screen-reader-text\">Parlamentares criticam cria\u00e7\u00e3o de TV p\u00fablica por Medida Provis\u00f3ria<\/span> <span class=\"meta-nav\">&rarr;<\/span><\/a><\/p>\n","protected":false},"author":1,"featured_media":0,"comment_status":"open","ping_status":"open","sticky":false,"template":"","format":"standard","meta":{"footnotes":""},"categories":[39],"tags":[],"_links":{"self":[{"href":"https:\/\/obscom.intervozes.org.br\/index.php?rest_route=\/wp\/v2\/posts\/19395"}],"collection":[{"href":"https:\/\/obscom.intervozes.org.br\/index.php?rest_route=\/wp\/v2\/posts"}],"about":[{"href":"https:\/\/obscom.intervozes.org.br\/index.php?rest_route=\/wp\/v2\/types\/post"}],"author":[{"embeddable":true,"href":"https:\/\/obscom.intervozes.org.br\/index.php?rest_route=\/wp\/v2\/users\/1"}],"replies":[{"embeddable":true,"href":"https:\/\/obscom.intervozes.org.br\/index.php?rest_route=%2Fwp%2Fv2%2Fcomments&post=19395"}],"version-history":[{"count":0,"href":"https:\/\/obscom.intervozes.org.br\/index.php?rest_route=\/wp\/v2\/posts\/19395\/revisions"}],"wp:attachment":[{"href":"https:\/\/obscom.intervozes.org.br\/index.php?rest_route=%2Fwp%2Fv2%2Fmedia&parent=19395"}],"wp:term":[{"taxonomy":"category","embeddable":true,"href":"https:\/\/obscom.intervozes.org.br\/index.php?rest_route=%2Fwp%2Fv2%2Fcategories&post=19395"},{"taxonomy":"post_tag","embeddable":true,"href":"https:\/\/obscom.intervozes.org.br\/index.php?rest_route=%2Fwp%2Fv2%2Ftags&post=19395"}],"curies":[{"name":"wp","href":"https:\/\/api.w.org\/{rel}","templated":true}]}}