{"id":19389,"date":"2007-10-02T16:25:31","date_gmt":"2007-10-02T16:25:31","guid":{"rendered":"https:\/\/obscom.intervozes.org.br\/wordpress\/?p=19389"},"modified":"2007-10-02T16:25:31","modified_gmt":"2007-10-02T16:25:31","slug":"organizacoes-de-ensino-discutem-os-fundamentos-da-educomunicacao","status":"publish","type":"post","link":"https:\/\/obscom.intervozes.org.br\/?p=19389","title":{"rendered":"Organiza\u00e7\u00f5es de ensino discutem os fundamentos da educomunica\u00e7\u00e3o"},"content":{"rendered":"<p>Um grupo de 27 representantes de institutos de ensino superior e de universidades da &Iacute;ndia, Equador, Argentina, It&aacute;lia, Guatemala, El Salvador e Brasil, vinculados &agrave; Congrega&ccedil;&atilde;o Salesiana, encontrou-se no campus da UNISAL localizado na Lapa, em S&atilde;o Paulo, entre 20 e 23 de setembro de 2007, para uma troca de informa&ccedil;&otilde;es e tomadas de decis&otilde;es em torno de pol&iacute;ticas de abordagem para a introdu&ccedil;&atilde;o do conceito e da pr&aacute;tica da educomunica&ccedil;&atilde;o em seus respectivos pa&iacute;ses, a partir da perspectiva defendida pelo N&uacute;cleo de Comunica&ccedil;&atilde;o e Educa&ccedil;&atilde;o da USP. <\/p>\n<p>O evento presidido por Tarc&iacute;cio Scaramussa, de Roma, respons&aacute;vel geral pelo setor de comunica&ccedil;&atilde;o da ordem, contou com a assessoria de Emiro Cepeda, da Faculdade de Comunica&ccedil;&atilde;o Social da UPS &ndash; Universidade Pont&iacute;ficia Salesiana, tamb&eacute;m de Roma, e de Julian Fox, australiano, especialista no tema da comunica&ccedil;&atilde;o virtual desenvolvida atrav&eacute;s da &ldquo;Open Source &ndash; Educommunication&rdquo;.<\/p>\n<p>Os congressistas, al&eacute;m de discutir educomunica&ccedil;&atilde;o e comunica&ccedil;&atilde;o virtual, realizaram diagn&oacute;sticos sobre suas respectivas institui&ccedil;&otilde;es acad&ecirc;micas, definindo uma pauta comum de a&ccedil;&atilde;o para os pr&oacute;ximos anos.<\/p>\n<p>Em sua interven&ccedil;&atilde;o, Robert Pen, diretor do Instituto Tej Pasarini, da &Iacute;ndia, expressou seu contentamento por encontrar-se no Brasil, p&aacute;tria de Paulo Freire, considerado uma refer&ecirc;ncia para os educadores de seu pa&iacute;s, adiantando: &ldquo;Aqui viemos para apresentar o que estamos fazendo na &Iacute;ndia no campo da media education e buscar referenciais te&oacute;ricos para dar sustenta&ccedil;&atilde;o a uma pr&aacute;tica que acreditamos estar pr&oacute;xima do conceito defendido pelo Prof. Ismar de Oliveira Soares&rdquo;.<\/p>\n","protected":false},"excerpt":{"rendered":"<p>Um grupo de 27 representantes de institutos de ensino superior e de universidades da &Iacute;ndia, Equador, Argentina, It&aacute;lia, Guatemala, El Salvador e Brasil, vinculados &agrave; Congrega&ccedil;&atilde;o Salesiana, encontrou-se no campus da UNISAL localizado na Lapa, em S&atilde;o Paulo, entre 20 e 23 de setembro de 2007, para uma troca de informa&ccedil;&otilde;es e tomadas de decis&otilde;es &hellip; <a href=\"https:\/\/obscom.intervozes.org.br\/?p=19389\" class=\"more-link\">Continue lendo <span class=\"screen-reader-text\">Organiza\u00e7\u00f5es de ensino discutem os fundamentos da educomunica\u00e7\u00e3o<\/span> <span class=\"meta-nav\">&rarr;<\/span><\/a><\/p>\n","protected":false},"author":1,"featured_media":0,"comment_status":"open","ping_status":"open","sticky":false,"template":"","format":"standard","meta":{"footnotes":""},"categories":[40],"tags":[94],"_links":{"self":[{"href":"https:\/\/obscom.intervozes.org.br\/index.php?rest_route=\/wp\/v2\/posts\/19389"}],"collection":[{"href":"https:\/\/obscom.intervozes.org.br\/index.php?rest_route=\/wp\/v2\/posts"}],"about":[{"href":"https:\/\/obscom.intervozes.org.br\/index.php?rest_route=\/wp\/v2\/types\/post"}],"author":[{"embeddable":true,"href":"https:\/\/obscom.intervozes.org.br\/index.php?rest_route=\/wp\/v2\/users\/1"}],"replies":[{"embeddable":true,"href":"https:\/\/obscom.intervozes.org.br\/index.php?rest_route=%2Fwp%2Fv2%2Fcomments&post=19389"}],"version-history":[{"count":0,"href":"https:\/\/obscom.intervozes.org.br\/index.php?rest_route=\/wp\/v2\/posts\/19389\/revisions"}],"wp:attachment":[{"href":"https:\/\/obscom.intervozes.org.br\/index.php?rest_route=%2Fwp%2Fv2%2Fmedia&parent=19389"}],"wp:term":[{"taxonomy":"category","embeddable":true,"href":"https:\/\/obscom.intervozes.org.br\/index.php?rest_route=%2Fwp%2Fv2%2Fcategories&post=19389"},{"taxonomy":"post_tag","embeddable":true,"href":"https:\/\/obscom.intervozes.org.br\/index.php?rest_route=%2Fwp%2Fv2%2Ftags&post=19389"}],"curies":[{"name":"wp","href":"https:\/\/api.w.org\/{rel}","templated":true}]}}