{"id":19386,"date":"2007-10-02T14:30:48","date_gmt":"2007-10-02T14:30:48","guid":{"rendered":"https:\/\/obscom.intervozes.org.br\/wordpress\/?p=19386"},"modified":"2007-10-02T14:30:48","modified_gmt":"2007-10-02T14:30:48","slug":"helio-costa-quer-reduzir-o-preco-do-servico-celular-pre-pago","status":"publish","type":"post","link":"https:\/\/obscom.intervozes.org.br\/?p=19386","title":{"rendered":"H\u00e9lio Costa quer reduzir o pre\u00e7o do servi\u00e7o celular pr\u00e9-pago"},"content":{"rendered":"<p>Em discurso na abertura do Futurecom, ministro das Comunica&ccedil;&otilde;es, H&eacute;lio Costa, &ldquo;lan&ccedil;ou desafios&rdquo; &agrave;s operadoras de telefonia celular. O principal alvo do ministro foi o pre&ccedil;o do servi&ccedil;o pr&eacute;-pago considerado por ele como um dos mais altos do mundo. &ldquo;Talvez o Brasil seja o &uacute;nico pa&iacute;s do mundo onde o pr&eacute;-pago custa cinco vezes o pre&ccedil;o do p&oacute;s-pago&rdquo;, disse ele. <\/p>\n<p>&ldquo;Vamos propor uma reuni&atilde;o com os secret&aacute;rios de Fazenda para discutir o tema&rdquo;, afirmou Costa, ressaltando que uma redu&ccedil;&atilde;o no ICMS poderia contribuir para reduzir em 30% o custo do servi&ccedil;o.&nbsp;&ldquo;Vamos chamar as empresas para conversar e ver o que pode ser feito&rdquo;, informou. <\/p>\n","protected":false},"excerpt":{"rendered":"<p>Em discurso na abertura do Futurecom, ministro das Comunica&ccedil;&otilde;es, H&eacute;lio Costa, &ldquo;lan&ccedil;ou desafios&rdquo; &agrave;s operadoras de telefonia celular. O principal alvo do ministro foi o pre&ccedil;o do servi&ccedil;o pr&eacute;-pago considerado por ele como um dos mais altos do mundo. &ldquo;Talvez o Brasil seja o &uacute;nico pa&iacute;s do mundo onde o pr&eacute;-pago custa cinco vezes o &hellip; <a href=\"https:\/\/obscom.intervozes.org.br\/?p=19386\" class=\"more-link\">Continue lendo <span class=\"screen-reader-text\">H\u00e9lio Costa quer reduzir o pre\u00e7o do servi\u00e7o celular pr\u00e9-pago<\/span> <span class=\"meta-nav\">&rarr;<\/span><\/a><\/p>\n","protected":false},"author":1,"featured_media":0,"comment_status":"open","ping_status":"open","sticky":false,"template":"","format":"standard","meta":{"footnotes":""},"categories":[39],"tags":[],"_links":{"self":[{"href":"https:\/\/obscom.intervozes.org.br\/index.php?rest_route=\/wp\/v2\/posts\/19386"}],"collection":[{"href":"https:\/\/obscom.intervozes.org.br\/index.php?rest_route=\/wp\/v2\/posts"}],"about":[{"href":"https:\/\/obscom.intervozes.org.br\/index.php?rest_route=\/wp\/v2\/types\/post"}],"author":[{"embeddable":true,"href":"https:\/\/obscom.intervozes.org.br\/index.php?rest_route=\/wp\/v2\/users\/1"}],"replies":[{"embeddable":true,"href":"https:\/\/obscom.intervozes.org.br\/index.php?rest_route=%2Fwp%2Fv2%2Fcomments&post=19386"}],"version-history":[{"count":0,"href":"https:\/\/obscom.intervozes.org.br\/index.php?rest_route=\/wp\/v2\/posts\/19386\/revisions"}],"wp:attachment":[{"href":"https:\/\/obscom.intervozes.org.br\/index.php?rest_route=%2Fwp%2Fv2%2Fmedia&parent=19386"}],"wp:term":[{"taxonomy":"category","embeddable":true,"href":"https:\/\/obscom.intervozes.org.br\/index.php?rest_route=%2Fwp%2Fv2%2Fcategories&post=19386"},{"taxonomy":"post_tag","embeddable":true,"href":"https:\/\/obscom.intervozes.org.br\/index.php?rest_route=%2Fwp%2Fv2%2Ftags&post=19386"}],"curies":[{"name":"wp","href":"https:\/\/api.w.org\/{rel}","templated":true}]}}