{"id":19385,"date":"2007-10-02T14:05:55","date_gmt":"2007-10-02T14:05:55","guid":{"rendered":"https:\/\/obscom.intervozes.org.br\/wordpress\/?p=19385"},"modified":"2007-10-02T14:05:55","modified_gmt":"2007-10-02T14:05:55","slug":"helio-costa-nega-interferencia-na-ida-de-lula-a-inauguracao-da-record-news","status":"publish","type":"post","link":"https:\/\/obscom.intervozes.org.br\/?p=19385","title":{"rendered":"H\u00e9lio Costa nega interfer\u00eancia na ida de Lula \u00e0 inaugura\u00e7\u00e3o da Record News"},"content":{"rendered":"<p style=\"margin: 0cm 0cm 0pt\" class=\"MsoNormal\"><span>O ministro das Comunica&ccedil;&otilde;es, H&eacute;lio Costa, telefonou ontem para a presid&ecirc;ncia da Record e afirmou que &quot;jamais&quot; fez &quot;qualquer tipo de press&atilde;o&quot; ou lobby para que o presidente Lula deixasse de comparecer &agrave; estr&eacute;ia da Record News, na &uacute;ltima quinta-feira. <\/p>\n<p><\/span><span>Lula e Edir Macedo durante o programa de inaugura&ccedil;&atilde;o do canal Record News, em SP. <\/span><span>A estr&eacute;ia do canal de not&iacute;cias &#8211; <\/span><span>gratuito, em UHF &#8211;&nbsp;deflagrou uma opera&ccedil;&atilde;o de guerra por parte de executivos da Globo, que consideram a nova emissora ilegal, mesma opini&atilde;o da ONG Intervozes, que atua na fiscaliza&ccedil;&atilde;o de concess&otilde;es.&nbsp;<\/p>\n<p><\/span><span>Segundo a legisla&ccedil;&atilde;o, uma mesma pessoa n&atilde;o pode ter dois canais de radiodifus&atilde;o, do mesmo tipo, numa mesma localidade. A Record nega ser dona da Record News, diz que apenas fornece conte&uacute;do e que a emissora n&atilde;o pertence ao bispo Edir Macedo. <\/p>\n<p><\/span><span>Caso semelhante &#8211; e jamais questionado pela Globo &#8211; ocorre entre Band e Play TV (ex-canal 21), cujo fornecimento de conte&uacute;do prov&eacute;m da Gamecorp, empresa de um dos filhos do presidente da Rep&uacute;blica.&nbsp;<\/p>\n<p><\/span><span>A pr&oacute;pria Globo tem um canal UHF em S&atilde;o Paulo, o canal 19, que transmite o &aacute;udio da Globonews, seu canal pago de not&iacute;cias. <\/p>\n<p><\/span><span>O ministro H&eacute;lio Costa declarou ainda ao presidente da Record, Alexandre Raposo, que, ao contr&aacute;rio do que foi &quot;espalhado&quot;, ele incentivou &quot;o presidente Lula a comparecer &agrave; estr&eacute;ia da Record News&quot;, e que, como ministro, n&atilde;o tem &quot;nenhuma rela&ccedil;&atilde;o com a Globo&quot;. <\/p>\n<p><\/span><span>Na d&eacute;cada de 70 e parte da de 80, Costa foi correspondente da Globo e implantou a sucursal da emissora na capital dos EUA, Washington. <\/p>\n<p><\/span><span><strong>Clima pesado <\/p>\n<p><\/strong><\/span><span>Na sexta-feira, cerca de 12 horas ap&oacute;s a estr&eacute;ia da Record News, os executivos Jo&atilde;o Roberto Marinho (vice das Organiza&ccedil;&otilde;es Globo), Evandro Guimar&atilde;es (Globo), Guilherme Stoliar (SBT) e Raposo, da Record, tiveram uma reuni&atilde;o da Abert na sede da Globo, em S&atilde;o Paulo. <\/p>\n<p><\/span><span>Durante a reuni&atilde;o, Raposo pediu a palavra para festejar a estr&eacute;ia da Record News. &quot;Muitos contribu&iacute;ram para a realiza&ccedil;&atilde;o do sonho&quot;, discursou, &quot;mas uns poucos tentaram impedir que a festa acontecesse&quot;, disse olhando diretamente para Marinho. <\/p>\n<p><\/span><span>Houve constrangimento na sala. Logo ap&oacute;s essa fala, Marinho convidou aos presentes para um almo&ccedil;o. <\/span>Raposo disse que tinha um reuni&atilde;o e partiu.<\/p>\n","protected":false},"excerpt":{"rendered":"<p>O ministro das Comunica&ccedil;&otilde;es, H&eacute;lio Costa, telefonou ontem para a presid&ecirc;ncia da Record e afirmou que &quot;jamais&quot; fez &quot;qualquer tipo de press&atilde;o&quot; ou lobby para que o presidente Lula deixasse de comparecer &agrave; estr&eacute;ia da Record News, na &uacute;ltima quinta-feira. Lula e Edir Macedo durante o programa de inaugura&ccedil;&atilde;o do canal Record News, em SP. &hellip; <a href=\"https:\/\/obscom.intervozes.org.br\/?p=19385\" class=\"more-link\">Continue lendo <span class=\"screen-reader-text\">H\u00e9lio Costa nega interfer\u00eancia na ida de Lula \u00e0 inaugura\u00e7\u00e3o da Record News<\/span> <span class=\"meta-nav\">&rarr;<\/span><\/a><\/p>\n","protected":false},"author":1,"featured_media":0,"comment_status":"open","ping_status":"open","sticky":false,"template":"","format":"standard","meta":{"footnotes":""},"categories":[40],"tags":[91],"_links":{"self":[{"href":"https:\/\/obscom.intervozes.org.br\/index.php?rest_route=\/wp\/v2\/posts\/19385"}],"collection":[{"href":"https:\/\/obscom.intervozes.org.br\/index.php?rest_route=\/wp\/v2\/posts"}],"about":[{"href":"https:\/\/obscom.intervozes.org.br\/index.php?rest_route=\/wp\/v2\/types\/post"}],"author":[{"embeddable":true,"href":"https:\/\/obscom.intervozes.org.br\/index.php?rest_route=\/wp\/v2\/users\/1"}],"replies":[{"embeddable":true,"href":"https:\/\/obscom.intervozes.org.br\/index.php?rest_route=%2Fwp%2Fv2%2Fcomments&post=19385"}],"version-history":[{"count":0,"href":"https:\/\/obscom.intervozes.org.br\/index.php?rest_route=\/wp\/v2\/posts\/19385\/revisions"}],"wp:attachment":[{"href":"https:\/\/obscom.intervozes.org.br\/index.php?rest_route=%2Fwp%2Fv2%2Fmedia&parent=19385"}],"wp:term":[{"taxonomy":"category","embeddable":true,"href":"https:\/\/obscom.intervozes.org.br\/index.php?rest_route=%2Fwp%2Fv2%2Fcategories&post=19385"},{"taxonomy":"post_tag","embeddable":true,"href":"https:\/\/obscom.intervozes.org.br\/index.php?rest_route=%2Fwp%2Fv2%2Ftags&post=19385"}],"curies":[{"name":"wp","href":"https:\/\/api.w.org\/{rel}","templated":true}]}}